{"id":33636,"date":"2021-06-08T18:26:05","date_gmt":"2021-06-08T23:26:05","guid":{"rendered":"http:\/\/www.inter-accion.com.mx\/?p=33636"},"modified":"2021-06-08T18:26:05","modified_gmt":"2021-06-08T23:26:05","slug":"33636","status":"publish","type":"post","link":"https:\/\/www.interaccionnoticias.com.mx\/?p=33636","title":{"rendered":"C\u00e9sar Armenta reconoce que los resultados electorales no le favorecieron"},"content":{"rendered":"\n<p><strong><em>&#8211; El candidato de la coalici\u00f3n PRI-PRD al distrito local 02, deseo \u00e9xito a quienes ganaron en los distintos cargos de elecci\u00f3n que se jugaron el 6 de junio<\/em><\/strong><\/p>\n\n\n\n<p><strong>Vianey Ponce<\/strong><\/p>\n\n\n\n<p>El candidato de la coalici\u00f3n PRI-PRD en el distrito local 02, correspondiente a Chilpancingo, C\u00e9sar Armenta Adame reconoci\u00f3 que no le favorecieron los resultados de las votaciones de la jornada electoral del 6 de junio, por lo que manifest\u00f3 su deseo de que los ganadores en los distintos espacios tengan \u00e9xito.<\/p>\n\n\n\n<p>Armenta Adame agradeci\u00f3 a quienes lo apoyaron de manera desinteresada, pues se sumaron a un proyecto que planteaba un intenso trabajo legislativo a favor de la capital de Guerrero.<\/p>\n\n\n\n<p>Dos d\u00edas despu\u00e9s de la elecci\u00f3n, pero un d\u00eda antes de que se inicie de manera oficial el c\u00f3mputo distrital de los votos, el ex funcionario de la Secretar\u00eda de Finanzas del Gobierno Estatal reconoci\u00f3 su derrota:<\/p>\n\n\n\n<p>\u00abHoy acepto los resultados electorales del pasado 6 de junio y les deseo el mejor de los \u00e9xitos a quienes nos van a representar en los diferentes cargos de elecci\u00f3n popular, muchas gracias y bendiciones\u00bb manifest\u00f3 mediante un video colocado en su cuenta oficial de Facebook.<\/p>\n\n\n\n<p>En las estimaciones del PREP las cuales se cerraron con un 38% de actas contabilizadas, C\u00e9sar Armenta se coloc\u00f3 en la segunda posici\u00f3n con el 32% de los 4 mil 243 votos capturados en el sistema.<\/p>\n\n\n\n<p>Fue rebasado por Morena y su candidato, Osvaldo R\u00edos Manrique, quien reflej\u00f3 mil 874 votos, de los 4,243 contados hasta la tarde del martes, lo que representa el 44.1%.<\/p>\n\n\n\n<p>C\u00e9sar Armenta se\u00f1al\u00f3 que durante su campa\u00f1a se rodeo \u00abde personas que suman, porque son seres humanos transparentes\u00bb.<\/p>\n\n\n\n<p>Con un \u00abgracias y bendiciones\u00bb, es como reiter\u00f3 su agradecimiento  a quienes lo acompa\u00f1aron en este proceso como candidato y como concluy\u00f3 su mensaje virtual.<\/p>\n","protected":false},"excerpt":{"rendered":"<p>&#8211; El candidato de la coalici\u00f3n PRI-PRD al distrito local 02, deseo \u00e9xito a quienes ganaron en los distintos cargos de elecci\u00f3n que se jugaron el 6 de junio Vianey&hellip; <\/p>\n","protected":false},"author":1,"featured_media":33635,"comment_status":"open","ping_status":"open","sticky":false,"template":"","format":"standard","meta":{"fifu_image_url":"","fifu_image_alt":"","footnotes":""},"categories":[25],"tags":[],"class_list":["post-33636","post","type-post","status-publish","format-standard","has-post-thumbnail","hentry","category-ruta-2021"],"_links":{"self":[{"href":"https:\/\/www.interaccionnoticias.com.mx\/index.php?rest_route=\/wp\/v2\/posts\/33636","targetHints":{"allow":["GET"]}}],"collection":[{"href":"https:\/\/www.interaccionnoticias.com.mx\/index.php?rest_route=\/wp\/v2\/posts"}],"about":[{"href":"https:\/\/www.interaccionnoticias.com.mx\/index.php?rest_route=\/wp\/v2\/types\/post"}],"author":[{"embeddable":true,"href":"https:\/\/www.interaccionnoticias.com.mx\/index.php?rest_route=\/wp\/v2\/users\/1"}],"replies":[{"embeddable":true,"href":"https:\/\/www.interaccionnoticias.com.mx\/index.php?rest_route=%2Fwp%2Fv2%2Fcomments&post=33636"}],"version-history":[{"count":0,"href":"https:\/\/www.interaccionnoticias.com.mx\/index.php?rest_route=\/wp\/v2\/posts\/33636\/revisions"}],"wp:featuredmedia":[{"embeddable":true,"href":"https:\/\/www.interaccionnoticias.com.mx\/index.php?rest_route=\/wp\/v2\/media\/33635"}],"wp:attachment":[{"href":"https:\/\/www.interaccionnoticias.com.mx\/index.php?rest_route=%2Fwp%2Fv2%2Fmedia&parent=33636"}],"wp:term":[{"taxonomy":"category","embeddable":true,"href":"https:\/\/www.interaccionnoticias.com.mx\/index.php?rest_route=%2Fwp%2Fv2%2Fcategories&post=33636"},{"taxonomy":"post_tag","embeddable":true,"href":"https:\/\/www.interaccionnoticias.com.mx\/index.php?rest_route=%2Fwp%2Fv2%2Ftags&post=33636"}],"curies":[{"name":"wp","href":"https:\/\/api.w.org\/{rel}","templated":true}]}}