{"id":33627,"date":"2021-06-08T18:14:02","date_gmt":"2021-06-08T23:14:02","guid":{"rendered":"http:\/\/www.inter-accion.com.mx\/?p=33627"},"modified":"2021-06-08T18:14:02","modified_gmt":"2021-06-08T23:14:02","slug":"33627","status":"publish","type":"post","link":"https:\/\/www.interaccionnoticias.com.mx\/?p=33627","title":{"rendered":"Tres de septiembre, fecha establecida para regresar a clases en Guerrero"},"content":{"rendered":"\n<p><strong>Jes\u00fas Dorantes<\/strong><br> <br><strong>Chilpancingo, Gro.-<\/strong> El tres de septiembre est\u00e1 considerada como la fecha establecida para el regreso a clases presenciales en el estado de Guerrero, aunque eso suceder\u00e1 luego de que se conformen comisiones de trabajo en las que participar\u00e1n el Gobierno del Estado , los profesores y padres de familia, para afinar acuerdos.<\/p>\n\n\n\n<p>En la transmisi\u00f3n de todos los d\u00edas para actualizar datos sobre la pandemia del Covid-19, el gobernador Guerrero H\u00e9ctor Astudillo Flores dio a conocer que ser\u00e1n formadas comisiones  durante la pr\u00f3xima semana, mismas  que contar\u00e1n con las subcomisiones de Educaci\u00f3n B\u00e1sica, Media Superior, Log\u00edstica, Normatividad y atenci\u00f3n escolar, Fortalecimiento Acad\u00e9mico, Distribuci\u00f3n de Libros y Servicios Regionales.<br>Dichas subcomisiones estar\u00e1n encabezadas por  personal de las secretar\u00edas de Educaci\u00f3n, Salud y Protecci\u00f3n Civil, entre otras.<br>En su intervenci\u00f3n, el titular de la Secretar\u00eda de Educaci\u00f3n Guerrero (SEG), Heriberto Huicochea V\u00e1zquez dio a conocer que ya se trabaja en la elaboraci\u00f3n de la creaci\u00f3n del acuerdo estatal para dar inicio el nuevo ciclo escolar.<br>Entre los puntos centrales de dicho acuerdo, manifest\u00f3 que se encuentra el fortalecimiento de la \u201cEducaci\u00f3n a distancia\u201d, cuya vigencia qued\u00f3 de manifiesto tras la llegada de la pandemia.<br>Por otra parte, inform\u00f3 que para que se concrete el regreso a clases, se tiene que cumplir con dos condiciones fundamentales: La permanencia en sem\u00e1foro epidemiol\u00f3gico en color verde y que la mayor\u00eda o la totalidad del personal que labora en las escuelas se encuentre vacunado.<br>El regreso a las aulas, de acuerdo con el gobernador de Guerrero, ser\u00e1 una prioridad dentro de la \u00faltima etapa de su administraci\u00f3n, que concluye el pr\u00f3ximo 14 de octubre.<br>Record\u00f3 que existen casos de estados que intentaron regresar a clases pero presenciales, debido a los cambios de color en el sem\u00e1foro epidemiol\u00f3gico, as\u00ed como a la falta de acuerdos, no fue posible reactivar los centros educativos.<\/p>\n","protected":false},"excerpt":{"rendered":"<p>Jes\u00fas Dorantes Chilpancingo, Gro.- El tres de septiembre est\u00e1 considerada como la fecha establecida para el regreso a clases presenciales en el estado de Guerrero, aunque eso suceder\u00e1 luego de&hellip; <\/p>\n","protected":false},"author":1,"featured_media":33626,"comment_status":"open","ping_status":"open","sticky":false,"template":"","format":"standard","meta":{"fifu_image_url":"","fifu_image_alt":"","footnotes":""},"categories":[6],"tags":[],"class_list":["post-33627","post","type-post","status-publish","format-standard","has-post-thumbnail","hentry","category-educacion"],"_links":{"self":[{"href":"https:\/\/www.interaccionnoticias.com.mx\/index.php?rest_route=\/wp\/v2\/posts\/33627","targetHints":{"allow":["GET"]}}],"collection":[{"href":"https:\/\/www.interaccionnoticias.com.mx\/index.php?rest_route=\/wp\/v2\/posts"}],"about":[{"href":"https:\/\/www.interaccionnoticias.com.mx\/index.php?rest_route=\/wp\/v2\/types\/post"}],"author":[{"embeddable":true,"href":"https:\/\/www.interaccionnoticias.com.mx\/index.php?rest_route=\/wp\/v2\/users\/1"}],"replies":[{"embeddable":true,"href":"https:\/\/www.interaccionnoticias.com.mx\/index.php?rest_route=%2Fwp%2Fv2%2Fcomments&post=33627"}],"version-history":[{"count":0,"href":"https:\/\/www.interaccionnoticias.com.mx\/index.php?rest_route=\/wp\/v2\/posts\/33627\/revisions"}],"wp:featuredmedia":[{"embeddable":true,"href":"https:\/\/www.interaccionnoticias.com.mx\/index.php?rest_route=\/wp\/v2\/media\/33626"}],"wp:attachment":[{"href":"https:\/\/www.interaccionnoticias.com.mx\/index.php?rest_route=%2Fwp%2Fv2%2Fmedia&parent=33627"}],"wp:term":[{"taxonomy":"category","embeddable":true,"href":"https:\/\/www.interaccionnoticias.com.mx\/index.php?rest_route=%2Fwp%2Fv2%2Fcategories&post=33627"},{"taxonomy":"post_tag","embeddable":true,"href":"https:\/\/www.interaccionnoticias.com.mx\/index.php?rest_route=%2Fwp%2Fv2%2Ftags&post=33627"}],"curies":[{"name":"wp","href":"https:\/\/api.w.org\/{rel}","templated":true}]}}