{"id":33599,"date":"2021-06-08T10:26:12","date_gmt":"2021-06-08T15:26:12","guid":{"rendered":"http:\/\/www.inter-accion.com.mx\/?p=33599"},"modified":"2021-06-08T10:26:12","modified_gmt":"2021-06-08T15:26:12","slug":"33599","status":"publish","type":"post","link":"https:\/\/www.interaccionnoticias.com.mx\/?p=33599","title":{"rendered":"Espera Gilberto Solano Constancia de Mayor\u00eda que avale triunfo en Tlapa"},"content":{"rendered":"\n<p><strong><em>&#8211; Lo reconoce el Comit\u00e9 Ejecutivo Nacional y Comit\u00e9 Directivo Estatal del PRI como presidente electo<\/em><\/strong><\/p>\n\n\n\n<p><strong>Tlapa de Comonfort, a 7 de junio de 2021.-<\/strong> En conferencia de prensa, el candidato por la coalici\u00f3n &#8216;Va por M\u00e9xico&#8217; del PRI &#8211; PRD a la alcald\u00eda de Tlapa de Comonfort, Gilberto Solano Arreaga, inform\u00f3 que el resultado en el Programa de Resultados Electorales Preliminares (PREP) le favoreci\u00f3 y que esperar\u00e1 el momento para recibir el documento que lo confirme.<\/p>\n\n\n\n<p>Solano Arreaga agradeci\u00f3 a los tlapanecos por confiar en su proyecto y asegur\u00f3 que no los va a defraudar, que el trabajo que realizar\u00e1 va encaminado principalmente a mejorar los servicios p\u00fablicos de Tlapa y sus comunidades, as\u00ed como llevar obra p\u00fablica de calidad y mejorar en un 100 por ciento el servicio m\u00e9dico.<\/p>\n\n\n\n<p>Acompa\u00f1\u00e1ndolo estuvo el dirigente del Partido Revolucionario Institucional (PRI), Jos\u00e9 Marco Antonio Olvera Acevedo, quien asegur\u00f3 que en todo el proceso no se present\u00f3 ning\u00fan incidente digno de llamar la atenci\u00f3n, y reconoci\u00f3 la participaci\u00f3n ciudadana de mujeres y hombres de Tlapa.<\/p>\n\n\n\n<p>Olvera Acevedo dijo que para el Comit\u00e9 Ejecutivo Nacional y para el Comit\u00e9 Directivo Estatal era un motivo de satisfacci\u00f3n saber que Gilberto Solano es el candidato electo: \u201ctenemos la certeza que el esfuerzo que ha hecho nuestro partido con la alianza con el Partido de la Revoluci\u00f3n Democr\u00e1tica (PRD), tendr\u00e1 su recompensa\u201d, confirm\u00f3.<\/p>\n","protected":false},"excerpt":{"rendered":"<p>&#8211; Lo reconoce el Comit\u00e9 Ejecutivo Nacional y Comit\u00e9 Directivo Estatal del PRI como presidente electo Tlapa de Comonfort, a 7 de junio de 2021.- En conferencia de prensa, el&hellip; <\/p>\n","protected":false},"author":1,"featured_media":33600,"comment_status":"open","ping_status":"open","sticky":false,"template":"","format":"standard","meta":{"fifu_image_url":"","fifu_image_alt":"","footnotes":""},"categories":[25],"tags":[],"class_list":["post-33599","post","type-post","status-publish","format-standard","has-post-thumbnail","hentry","category-ruta-2021"],"_links":{"self":[{"href":"https:\/\/www.interaccionnoticias.com.mx\/index.php?rest_route=\/wp\/v2\/posts\/33599","targetHints":{"allow":["GET"]}}],"collection":[{"href":"https:\/\/www.interaccionnoticias.com.mx\/index.php?rest_route=\/wp\/v2\/posts"}],"about":[{"href":"https:\/\/www.interaccionnoticias.com.mx\/index.php?rest_route=\/wp\/v2\/types\/post"}],"author":[{"embeddable":true,"href":"https:\/\/www.interaccionnoticias.com.mx\/index.php?rest_route=\/wp\/v2\/users\/1"}],"replies":[{"embeddable":true,"href":"https:\/\/www.interaccionnoticias.com.mx\/index.php?rest_route=%2Fwp%2Fv2%2Fcomments&post=33599"}],"version-history":[{"count":0,"href":"https:\/\/www.interaccionnoticias.com.mx\/index.php?rest_route=\/wp\/v2\/posts\/33599\/revisions"}],"wp:featuredmedia":[{"embeddable":true,"href":"https:\/\/www.interaccionnoticias.com.mx\/index.php?rest_route=\/wp\/v2\/media\/33600"}],"wp:attachment":[{"href":"https:\/\/www.interaccionnoticias.com.mx\/index.php?rest_route=%2Fwp%2Fv2%2Fmedia&parent=33599"}],"wp:term":[{"taxonomy":"category","embeddable":true,"href":"https:\/\/www.interaccionnoticias.com.mx\/index.php?rest_route=%2Fwp%2Fv2%2Fcategories&post=33599"},{"taxonomy":"post_tag","embeddable":true,"href":"https:\/\/www.interaccionnoticias.com.mx\/index.php?rest_route=%2Fwp%2Fv2%2Ftags&post=33599"}],"curies":[{"name":"wp","href":"https:\/\/api.w.org\/{rel}","templated":true}]}}