{"id":33589,"date":"2021-06-04T22:00:18","date_gmt":"2021-06-05T03:00:18","guid":{"rendered":"http:\/\/www.inter-accion.com.mx\/?p=33589"},"modified":"2021-06-04T22:00:18","modified_gmt":"2021-06-05T03:00:18","slug":"33589","status":"publish","type":"post","link":"https:\/\/www.interaccionnoticias.com.mx\/?p=33589","title":{"rendered":"PRI y PRD exigen certeza en el PREP del IEPC"},"content":{"rendered":"\n<p><strong><em>&#8211; Ante versi\u00f3n de que el programa se encuentra en riesgo<\/em><\/strong><\/p>\n\n\n\n<p><strong>Rogelio Agust\u00edn<\/strong><\/p>\n\n\n\n<p>De manera conjunta, los dirigentes estatales del PRI y del PRD, H\u00e9ctor Apreza Patr\u00f3n y Alberto Catal\u00e1n Bastida exigieron a los \u00f3rganos electorales -estatal y federal-, que garanticen la certeza del Programa de Resultados Electorales Preliminares (PREP) de la jornada del domingo 6 de junio.<\/p>\n\n\n\n<p>En un documento emitido la noche del viernes, ambos dirigentes se\u00f1alan que han recibido informaci\u00f3n por parte de sus representantes ante el Instituto Electoral y de Participaci\u00f3n Ciudadana (IEPC), as\u00ed como del Instituto Nacional Electoral (INE), de que el PREP desarrollado en el \u00e1mbito local se encuentra en riesgo.<\/p>\n\n\n\n<p>Se\u00f1alan que la organizaci\u00f3n de las elecciones, es una responsabilidad constitucional delegada en \u00f3rganos colegiados, especializados y ciudadanos que deben generar certeza en los resultados.<\/p>\n\n\n\n<p>Se\u00f1alan que el PREP, de acuerdo con la legislaci\u00f3n vigente, es un programa \u00fanico, cuyas reglas y formatos de operaci\u00f3n son emitidas por el INE y que para el IEPC, su cumplimiento son obligatorios.<\/p>\n\n\n\n<p>Por eso indican: \u201cEs inaceptable que no exista certeza respecto a la informaci\u00f3n oportuna y que tradicionalmente recibe la ciudadan\u00eda a trav\u00e9s de este programa en todo proceso electoral.<\/p>\n\n\n\n<p>Por lo tanto anotan: \u201cHacemos un llamado respetuoso pero en\u00e9rgico, tanto al INE como al IEPC para que aclaren la veracidad de esta informaci\u00f3n y de ser cierta, se atienda de inmediato, implementando las acciones necesarias para garantizar la certeza en la informaci\u00f3n de los resultados de la elecci\u00f3n, asumiendo la responsabilidad constitucional que les compete\u201d.<\/p>\n","protected":false},"excerpt":{"rendered":"<p>&#8211; Ante versi\u00f3n de que el programa se encuentra en riesgo Rogelio Agust\u00edn De manera conjunta, los dirigentes estatales del PRI y del PRD, H\u00e9ctor Apreza Patr\u00f3n y Alberto Catal\u00e1n&hellip; <\/p>\n","protected":false},"author":1,"featured_media":33590,"comment_status":"open","ping_status":"open","sticky":false,"template":"","format":"standard","meta":{"fifu_image_url":"","fifu_image_alt":"","footnotes":""},"categories":[18],"tags":[161,164],"class_list":["post-33589","post","type-post","status-publish","format-standard","has-post-thumbnail","hentry","category-partidos-politicos","tag-prd","tag-pri"],"_links":{"self":[{"href":"https:\/\/www.interaccionnoticias.com.mx\/index.php?rest_route=\/wp\/v2\/posts\/33589","targetHints":{"allow":["GET"]}}],"collection":[{"href":"https:\/\/www.interaccionnoticias.com.mx\/index.php?rest_route=\/wp\/v2\/posts"}],"about":[{"href":"https:\/\/www.interaccionnoticias.com.mx\/index.php?rest_route=\/wp\/v2\/types\/post"}],"author":[{"embeddable":true,"href":"https:\/\/www.interaccionnoticias.com.mx\/index.php?rest_route=\/wp\/v2\/users\/1"}],"replies":[{"embeddable":true,"href":"https:\/\/www.interaccionnoticias.com.mx\/index.php?rest_route=%2Fwp%2Fv2%2Fcomments&post=33589"}],"version-history":[{"count":0,"href":"https:\/\/www.interaccionnoticias.com.mx\/index.php?rest_route=\/wp\/v2\/posts\/33589\/revisions"}],"wp:featuredmedia":[{"embeddable":true,"href":"https:\/\/www.interaccionnoticias.com.mx\/index.php?rest_route=\/wp\/v2\/media\/33590"}],"wp:attachment":[{"href":"https:\/\/www.interaccionnoticias.com.mx\/index.php?rest_route=%2Fwp%2Fv2%2Fmedia&parent=33589"}],"wp:term":[{"taxonomy":"category","embeddable":true,"href":"https:\/\/www.interaccionnoticias.com.mx\/index.php?rest_route=%2Fwp%2Fv2%2Fcategories&post=33589"},{"taxonomy":"post_tag","embeddable":true,"href":"https:\/\/www.interaccionnoticias.com.mx\/index.php?rest_route=%2Fwp%2Fv2%2Ftags&post=33589"}],"curies":[{"name":"wp","href":"https:\/\/api.w.org\/{rel}","templated":true}]}}