{"id":33574,"date":"2021-06-04T19:08:31","date_gmt":"2021-06-05T00:08:31","guid":{"rendered":"http:\/\/www.inter-accion.com.mx\/?p=33574"},"modified":"2021-06-04T19:08:31","modified_gmt":"2021-06-05T00:08:31","slug":"33574","status":"publish","type":"post","link":"https:\/\/www.interaccionnoticias.com.mx\/?p=33574","title":{"rendered":"CETEG en contra de volver a clases durante el presente a\u00f1o escolar"},"content":{"rendered":"\n<p><strong><em>&#8211; No se ha vacunado a la totalidad de la planta docente y se corre el riesgo de un rebrote<br>&#8211; Muchas escuelas fueron rapi\u00f1adas, debe recuperarse lo perdido<\/em><\/strong><\/p>\n\n\n\n<p><strong>Rogelio Agust\u00edn<\/strong><\/p>\n\n\n\n<p>La Coordinadora Estatal de Trabajadores de la Educaci\u00f3n de Guerrero (CETEG) se pronunci\u00f3 en contra del regreso a clases presenciales durante lo que resta del a\u00f1o escolar, a partir de que todav\u00eda no se ha vacunado a la totalidad de la base trabajadora ni se ha revisado al cien por ciento el estado que guardan las escuelas.<\/p>\n\n\n\n<p>Alejandro Rom\u00e1n, integrante de la Comisi\u00f3n Pol\u00edtica de la CETEG, sostuvo que en estos momentos, no se tienen condiciones favorables en materia de higiene, ni de infraestructura f\u00edsica para regresar a las actividades en las escuelas.<\/p>\n\n\n\n<p>Indic\u00f3: \u201dNosotros nos mantenemos en la postura de que no vamos a exponer a nuestros alumnos, a los padres de familia ni a las comunidades, por el hecho de que alg\u00fan compa\u00f1ero vaya a llevar el virus, recordemos que la mayor\u00eda de nuestros compa\u00f1eros se encuentran en las ciudades, de tal suerte que es susceptible que lleven el virus\u201d.<\/p>\n\n\n\n<p>Reconoci\u00f3 que en estos momentos, todav\u00eda existen muchos maestros, as\u00ed como personal administrativo que no se ha vacunado.<\/p>\n\n\n\n<p>Dijo que lo deseable es que haya vacunas suficientes para inmunizar a todos los trabajadores de la educaci\u00f3n, para efecto de que un retorno a clases sin las condiciones correspondientes vaya a representar el riesgo de un rebrote.<\/p>\n\n\n\n<p>Entre otras cosas, la dirigencia de la CETEG sostiene que se deben reponer todos los instrumentos que se hayan robado durante el confinamiento, pues pr\u00e1cticamente en todas las regiones se cometieron actos de rapi\u00f1a, lo que incluso ha derivado en algunas denuncias penales.<\/p>\n\n\n\n<p>Advirti\u00f3: \u201cSi no se toman las medidas adecuadas, vendr\u00e1 una oleada de contagios muy fuertes, como lo que se experiment\u00f3 en Campeche, donde tuvieron que volver a cerrar las escuelas por el rebrote\u201d, se\u00f1al\u00f3 Alejandro Rom\u00e1n.<\/p>\n","protected":false},"excerpt":{"rendered":"<p>&#8211; No se ha vacunado a la totalidad de la planta docente y se corre el riesgo de un rebrote&#8211; Muchas escuelas fueron rapi\u00f1adas, debe recuperarse lo perdido Rogelio Agust\u00edn&hellip; <\/p>\n","protected":false},"author":1,"featured_media":33576,"comment_status":"open","ping_status":"open","sticky":false,"template":"","format":"standard","meta":{"fifu_image_url":"","fifu_image_alt":"","footnotes":""},"categories":[6],"tags":[66],"class_list":["post-33574","post","type-post","status-publish","format-standard","has-post-thumbnail","hentry","category-educacion","tag-ceteg"],"_links":{"self":[{"href":"https:\/\/www.interaccionnoticias.com.mx\/index.php?rest_route=\/wp\/v2\/posts\/33574","targetHints":{"allow":["GET"]}}],"collection":[{"href":"https:\/\/www.interaccionnoticias.com.mx\/index.php?rest_route=\/wp\/v2\/posts"}],"about":[{"href":"https:\/\/www.interaccionnoticias.com.mx\/index.php?rest_route=\/wp\/v2\/types\/post"}],"author":[{"embeddable":true,"href":"https:\/\/www.interaccionnoticias.com.mx\/index.php?rest_route=\/wp\/v2\/users\/1"}],"replies":[{"embeddable":true,"href":"https:\/\/www.interaccionnoticias.com.mx\/index.php?rest_route=%2Fwp%2Fv2%2Fcomments&post=33574"}],"version-history":[{"count":0,"href":"https:\/\/www.interaccionnoticias.com.mx\/index.php?rest_route=\/wp\/v2\/posts\/33574\/revisions"}],"wp:featuredmedia":[{"embeddable":true,"href":"https:\/\/www.interaccionnoticias.com.mx\/index.php?rest_route=\/wp\/v2\/media\/33576"}],"wp:attachment":[{"href":"https:\/\/www.interaccionnoticias.com.mx\/index.php?rest_route=%2Fwp%2Fv2%2Fmedia&parent=33574"}],"wp:term":[{"taxonomy":"category","embeddable":true,"href":"https:\/\/www.interaccionnoticias.com.mx\/index.php?rest_route=%2Fwp%2Fv2%2Fcategories&post=33574"},{"taxonomy":"post_tag","embeddable":true,"href":"https:\/\/www.interaccionnoticias.com.mx\/index.php?rest_route=%2Fwp%2Fv2%2Ftags&post=33574"}],"curies":[{"name":"wp","href":"https:\/\/api.w.org\/{rel}","templated":true}]}}