{"id":33561,"date":"2021-06-04T17:15:39","date_gmt":"2021-06-04T22:15:39","guid":{"rendered":"http:\/\/www.inter-accion.com.mx\/?p=33561"},"modified":"2021-06-04T17:15:39","modified_gmt":"2021-06-04T22:15:39","slug":"33561","status":"publish","type":"post","link":"https:\/\/www.interaccionnoticias.com.mx\/?p=33561","title":{"rendered":"Normalistas toman caseta de La Venta en Acapulco"},"content":{"rendered":"\n<p><strong><em>&#8211; Piden \u00abcooperaci\u00f3n\u00bb de 50 y cien pesos<\/em><\/strong><\/p>\n\n\n\n<p><strong>Javier Trujillo<\/strong><\/p>\n\n\n\n<p><strong>Acapulco, Gro.-<\/strong> Un grupo de j\u00f3venes normalistas que llegaron embozados tomaron las garitas de peaje de la Autopista del Sol, en la caseta de La Venta en el puerto de Acapulco, Guerrero.<\/p>\n\n\n\n<p>Los manifestantes exigen la libertad y evitar que los normalistas, que fueron detenidos en Tetela en el estado de Puebla y Mactumactz\u00e1 en Chiapas, se les absuelva, y no les impongan antecedentes penales.<\/p>\n\n\n\n<p>Los j\u00f3venes estudiantes, colocaron una manta en una de los accesos, en la cual se le\u00eda \u00abMientras la pobreza exista, las normales rurales tendr\u00e1n raz\u00f3n de ser\u00bb.<\/p>\n\n\n\n<p>Eran aproximadamente unos 30 estudiantes de la normal rural \u00abRa\u00fal Isidro Burgos\u00bb, de Ayotzinapa que llegaron a tomar la caseta de cobro en la Autopista del Sol.<\/p>\n\n\n\n<p>Tras la toma de la v\u00eda de cuota, en este fin de semana, est\u00e1n permitiendo el tr\u00e1nsito vehicular previa \u00abcooperaci\u00f3n voluntaria\u00bb, de 50 y cien pesos.<\/p>\n\n\n\n<p>Aseguran que el dinero que se recaude ser\u00e1 utilizado para abastecer un botiqu\u00edn y alimentos en el comedor del plantel de la normal de Ayotzinapa.<\/p>\n","protected":false},"excerpt":{"rendered":"<p>&#8211; Piden \u00abcooperaci\u00f3n\u00bb de 50 y cien pesos Javier Trujillo Acapulco, Gro.- Un grupo de j\u00f3venes normalistas que llegaron embozados tomaron las garitas de peaje de la Autopista del Sol,&hellip; <\/p>\n","protected":false},"author":1,"featured_media":33549,"comment_status":"open","ping_status":"open","sticky":false,"template":"","format":"standard","meta":{"fifu_image_url":"","fifu_image_alt":"","footnotes":""},"categories":[15],"tags":[54],"class_list":["post-33561","post","type-post","status-publish","format-standard","has-post-thumbnail","hentry","category-movimientos-sociales","tag-ayotzinapa"],"_links":{"self":[{"href":"https:\/\/www.interaccionnoticias.com.mx\/index.php?rest_route=\/wp\/v2\/posts\/33561","targetHints":{"allow":["GET"]}}],"collection":[{"href":"https:\/\/www.interaccionnoticias.com.mx\/index.php?rest_route=\/wp\/v2\/posts"}],"about":[{"href":"https:\/\/www.interaccionnoticias.com.mx\/index.php?rest_route=\/wp\/v2\/types\/post"}],"author":[{"embeddable":true,"href":"https:\/\/www.interaccionnoticias.com.mx\/index.php?rest_route=\/wp\/v2\/users\/1"}],"replies":[{"embeddable":true,"href":"https:\/\/www.interaccionnoticias.com.mx\/index.php?rest_route=%2Fwp%2Fv2%2Fcomments&post=33561"}],"version-history":[{"count":0,"href":"https:\/\/www.interaccionnoticias.com.mx\/index.php?rest_route=\/wp\/v2\/posts\/33561\/revisions"}],"wp:featuredmedia":[{"embeddable":true,"href":"https:\/\/www.interaccionnoticias.com.mx\/index.php?rest_route=\/wp\/v2\/media\/33549"}],"wp:attachment":[{"href":"https:\/\/www.interaccionnoticias.com.mx\/index.php?rest_route=%2Fwp%2Fv2%2Fmedia&parent=33561"}],"wp:term":[{"taxonomy":"category","embeddable":true,"href":"https:\/\/www.interaccionnoticias.com.mx\/index.php?rest_route=%2Fwp%2Fv2%2Fcategories&post=33561"},{"taxonomy":"post_tag","embeddable":true,"href":"https:\/\/www.interaccionnoticias.com.mx\/index.php?rest_route=%2Fwp%2Fv2%2Ftags&post=33561"}],"curies":[{"name":"wp","href":"https:\/\/api.w.org\/{rel}","templated":true}]}}