{"id":33556,"date":"2021-06-04T17:12:26","date_gmt":"2021-06-04T22:12:26","guid":{"rendered":"http:\/\/www.inter-accion.com.mx\/?p=33556"},"modified":"2021-06-04T17:12:26","modified_gmt":"2021-06-04T22:12:26","slug":"33556","status":"publish","type":"post","link":"https:\/\/www.interaccionnoticias.com.mx\/?p=33556","title":{"rendered":"Por la elecci\u00f3n del 6 de junio, se suspende este fin de semana la vacunaci\u00f3n contra el Covid-19"},"content":{"rendered":"\n<p><strong>Rosario Garc\u00eda Orozco<\/strong><\/p>\n\n\n\n<p><strong>Chilpancingo, Gro., 4 de junio del 2021.-<\/strong> Por motivo de la elecci\u00f3n de este domingo, la jornada nacional de vacunaci\u00f3n contra el Covid-19 se suspende este fin de semana, as\u00ed lo anunci\u00f3 el delegado federal de los programas sociales, Iv\u00e1n Hern\u00e1ndez D\u00edaz.<\/p>\n\n\n\n<p>\u201cSuspendemos el programa de vacunaci\u00f3n este fin de semana por la jornada electoral y reactivamos el lunes\u201d, dijo el funcionario federal, quien convoc\u00f3 a los \u201cmuchachones\u201d entre 40 y 49 a\u00f1os de edad a registrarse en la plataforma digital.<\/p>\n\n\n\n<p>La vacunaci\u00f3n para este rango de edad ya dio inicio en municipios de las regiones norte y Costa Grande Desde este jueves y continuar\u00e1 este viernes.<\/p>\n\n\n\n<p>Pidi\u00f3 a los guerrerenses que se encuentran en el rango de edad de 40 a 49 a\u00f1os, que se registren en la p\u00e1gina mivacuna.salud.gob.mx, para que se cuente con el folio de registro y con \u00e9l se acuda a los puntos de vacunaci\u00f3n que anuncien las autoridades ya con cita, sin necesidad de que pasen varias horas formados.<\/p>\n\n\n\n<p>Consider\u00f3 que ser\u00e1 la pr\u00f3xima semana cuando se inicie la vacunaci\u00f3n en la zona Centro de Guerrero, por lo que pidi\u00f3 a los habitantes de esa regi\u00f3n estar pendientes de la informaci\u00f3n oficial al respecto.<\/p>\n\n\n\n<p>Iv\u00e1n Hern\u00e1ndez mencion\u00f3 que desde el inicio del programa de vacunaci\u00f3n se avanz\u00f3 con el 70 por ciento de la poblaci\u00f3n registrada, y se registr\u00f3 menor inter\u00e9s en la zona rural que en la zona urbana, \u201cpero les decimos que aunque ya haya pasado el periodo de vacunaci\u00f3n para ese grupo de edad se les puede aplicar a vacuna en cualquiera de los puntos de vacunaci\u00f3n del estado\u201d, del mismo modo un a las mujeres embarazadas a partir de la novena semana de embarazo.<\/p>\n\n\n\n<p>En torno al avance en la vacunaci\u00f3n del personal del sector educativo, ya se han vacunado el 80 por ciento, y se espera concluir porto con ese sector para dar paso al regreso a clases presenciales en las escuelas.<\/p>\n\n\n\n<p>Explic\u00f3 que ya se est\u00e1 por llegar al mill\u00f3n de guerrerenses vacunados y hasta la fecha no se ha presentado ninguna complicaci\u00f3n severa por la vacuna, salvo temperatura y algo de dolor en el brazo.<\/p>\n","protected":false},"excerpt":{"rendered":"<p>Rosario Garc\u00eda Orozco Chilpancingo, Gro., 4 de junio del 2021.- Por motivo de la elecci\u00f3n de este domingo, la jornada nacional de vacunaci\u00f3n contra el Covid-19 se suspende este fin&hellip; <\/p>\n","protected":false},"author":1,"featured_media":33548,"comment_status":"open","ping_status":"open","sticky":false,"template":"","format":"standard","meta":{"fifu_image_url":"","fifu_image_alt":"","footnotes":""},"categories":[3],"tags":[76,127],"class_list":["post-33556","post","type-post","status-publish","format-standard","has-post-thumbnail","hentry","category-covid-19","tag-covid","tag-ivan-hernandez-diaz"],"_links":{"self":[{"href":"https:\/\/www.interaccionnoticias.com.mx\/index.php?rest_route=\/wp\/v2\/posts\/33556","targetHints":{"allow":["GET"]}}],"collection":[{"href":"https:\/\/www.interaccionnoticias.com.mx\/index.php?rest_route=\/wp\/v2\/posts"}],"about":[{"href":"https:\/\/www.interaccionnoticias.com.mx\/index.php?rest_route=\/wp\/v2\/types\/post"}],"author":[{"embeddable":true,"href":"https:\/\/www.interaccionnoticias.com.mx\/index.php?rest_route=\/wp\/v2\/users\/1"}],"replies":[{"embeddable":true,"href":"https:\/\/www.interaccionnoticias.com.mx\/index.php?rest_route=%2Fwp%2Fv2%2Fcomments&post=33556"}],"version-history":[{"count":0,"href":"https:\/\/www.interaccionnoticias.com.mx\/index.php?rest_route=\/wp\/v2\/posts\/33556\/revisions"}],"wp:featuredmedia":[{"embeddable":true,"href":"https:\/\/www.interaccionnoticias.com.mx\/index.php?rest_route=\/wp\/v2\/media\/33548"}],"wp:attachment":[{"href":"https:\/\/www.interaccionnoticias.com.mx\/index.php?rest_route=%2Fwp%2Fv2%2Fmedia&parent=33556"}],"wp:term":[{"taxonomy":"category","embeddable":true,"href":"https:\/\/www.interaccionnoticias.com.mx\/index.php?rest_route=%2Fwp%2Fv2%2Fcategories&post=33556"},{"taxonomy":"post_tag","embeddable":true,"href":"https:\/\/www.interaccionnoticias.com.mx\/index.php?rest_route=%2Fwp%2Fv2%2Ftags&post=33556"}],"curies":[{"name":"wp","href":"https:\/\/api.w.org\/{rel}","templated":true}]}}