{"id":33552,"date":"2021-06-04T17:07:20","date_gmt":"2021-06-04T22:07:20","guid":{"rendered":"http:\/\/www.inter-accion.com.mx\/?p=33552"},"modified":"2021-06-04T17:07:20","modified_gmt":"2021-06-04T22:07:20","slug":"33552","status":"publish","type":"post","link":"https:\/\/www.interaccionnoticias.com.mx\/?p=33552","title":{"rendered":"Aun no hay condiciones para regresar a clases de manera presencial: SEG"},"content":{"rendered":"\n<p><strong>&#8211; No todo el personal del sector ha sido vacunado, por lo que se espera alcanzar la meta del cien por ciento<\/strong><\/p>\n\n\n\n<p><strong>Rosario Garc\u00eda Orozco<\/strong><\/p>\n\n\n\n<p><strong>Chilpancingo, Gro., 4 de junio del 2021.-<\/strong> El titular de la Secretar\u00eda de Educaci\u00f3n Guerrero, Heriberto Huicochea V\u00e1zquez reconoci\u00f3 que no hay condiciones para regresar a clases presenciales durante lo que resta del a\u00f1o escolar.<\/p>\n\n\n\n<p>Huicochea V\u00e1zquez, refiri\u00f3 que antes de regresar a clases presenciales deben darse por lo menos tres condiciones; entre ellas que todo el personal est\u00e9 vacunado, lo que aun no se logra.<\/p>\n\n\n\n<p>Otra de las condiciones principales, es que el sem\u00e1foro epidemiol\u00f3gico permanezca en verde por lo menos durante tres semanas continuas, adem\u00e1s de que los adres de familia est\u00e9n de acuerdo en que sus hijos regresen a las aulas.<\/p>\n\n\n\n<p>Aclar\u00f3 que el regreso a clases no ser\u00e1 completamente libre, se debe poner en marcha un protocolo de prevenci\u00f3n en cada plantel, que debe tomar en cuenta a aplicaci\u00f3n de gel antibacterial al ingresar a las aulas, adem\u00e1s del uso obligatorio del cubrebocas dentro de las aulas y en las \u00e1reas comunes.<\/p>\n\n\n\n<p>Eso impedir\u00e1 que el regreso a clases implique un rebrote de contagios en materia de Covid-19.<\/p>\n\n\n\n<p>Huicochea V\u00e1zquez record\u00f3 que en Guerrero hay poco m\u00e1s de un mill\u00f3n 200 mil estudiantes en todos los niveles educativos, mismos que en su momento volver\u00e1n a ocupar m\u00e1s de 12 mil escuelas, muchas de ellas fueron objeto de rapi\u00f1a durante los 14 meses de confinamiento, por lo que se necesita realizar una revisi\u00f3n para reponer lo que haga falta.<\/p>\n","protected":false},"excerpt":{"rendered":"<p>&#8211; No todo el personal del sector ha sido vacunado, por lo que se espera alcanzar la meta del cien por ciento Rosario Garc\u00eda Orozco Chilpancingo, Gro., 4 de junio&hellip; <\/p>\n","protected":false},"author":1,"featured_media":33547,"comment_status":"open","ping_status":"open","sticky":false,"template":"","format":"standard","meta":{"fifu_image_url":"","fifu_image_alt":"","footnotes":""},"categories":[6],"tags":[116,174],"class_list":["post-33552","post","type-post","status-publish","format-standard","has-post-thumbnail","hentry","category-educacion","tag-heriberto-huicochea-vazquez","tag-seg"],"_links":{"self":[{"href":"https:\/\/www.interaccionnoticias.com.mx\/index.php?rest_route=\/wp\/v2\/posts\/33552","targetHints":{"allow":["GET"]}}],"collection":[{"href":"https:\/\/www.interaccionnoticias.com.mx\/index.php?rest_route=\/wp\/v2\/posts"}],"about":[{"href":"https:\/\/www.interaccionnoticias.com.mx\/index.php?rest_route=\/wp\/v2\/types\/post"}],"author":[{"embeddable":true,"href":"https:\/\/www.interaccionnoticias.com.mx\/index.php?rest_route=\/wp\/v2\/users\/1"}],"replies":[{"embeddable":true,"href":"https:\/\/www.interaccionnoticias.com.mx\/index.php?rest_route=%2Fwp%2Fv2%2Fcomments&post=33552"}],"version-history":[{"count":0,"href":"https:\/\/www.interaccionnoticias.com.mx\/index.php?rest_route=\/wp\/v2\/posts\/33552\/revisions"}],"wp:featuredmedia":[{"embeddable":true,"href":"https:\/\/www.interaccionnoticias.com.mx\/index.php?rest_route=\/wp\/v2\/media\/33547"}],"wp:attachment":[{"href":"https:\/\/www.interaccionnoticias.com.mx\/index.php?rest_route=%2Fwp%2Fv2%2Fmedia&parent=33552"}],"wp:term":[{"taxonomy":"category","embeddable":true,"href":"https:\/\/www.interaccionnoticias.com.mx\/index.php?rest_route=%2Fwp%2Fv2%2Fcategories&post=33552"},{"taxonomy":"post_tag","embeddable":true,"href":"https:\/\/www.interaccionnoticias.com.mx\/index.php?rest_route=%2Fwp%2Fv2%2Ftags&post=33552"}],"curies":[{"name":"wp","href":"https:\/\/api.w.org\/{rel}","templated":true}]}}