{"id":33538,"date":"2021-05-29T23:40:44","date_gmt":"2021-05-30T04:40:44","guid":{"rendered":"http:\/\/www.inter-accion.com.mx\/?p=33538"},"modified":"2021-05-29T23:40:44","modified_gmt":"2021-05-30T04:40:44","slug":"33538","status":"publish","type":"post","link":"https:\/\/www.interaccionnoticias.com.mx\/?p=33538","title":{"rendered":"\u201c\u00a1Vamos a ganar!\u201d, afirma Evelyn Salgado ante miles de guerrerenses"},"content":{"rendered":"\n<p><strong><em>&#8211; Ofrece trabajar por un Guerrero diferente, \u201ccon visi\u00f3n y progreso\u201d<\/em><\/strong><\/p>\n\n\n\n<p><strong>Chilpancingo, Gro., 29 de mayo de 2021.-<\/strong> \u201c\u00a1Vamos a ganar!\u201d, afirm\u00f3 la candidata de Morena a la gubernatura, Evelyn Salgado Pineda, ante miles de guerrerenses que respaldan el proyecto de la Cuarta Transformaci\u00f3n.<\/p>\n\n\n\n<p>En un ambiente festivo y de alegr\u00eda, Salgado Pineda cerr\u00f3 campa\u00f1a en Chilpancingo con una caminata, un mitin y un concierto con el grupo musical Los Freddys.<\/p>\n\n\n\n<p>Las calles y el z\u00f3calo capitalino vibraron con la presencia de miles de ciudadanos convencidos de que el cambio llegar\u00e1 a Guerrero de la mano de Morena y de Evelyn Salgado.<\/p>\n\n\n\n<p>El evento pol\u00edtico comenz\u00f3 con la participaci\u00f3n de la candidata a presidenta municipal, Norma Otilia Hern\u00e1ndez Mart\u00ednez.<\/p>\n\n\n\n<p>En su mensaje, destac\u00f3 la lucha por la democracia que encabezaron los guerrerenses, luego de que el Instituto Nacional Electoral (INE) y el Tribunal Electoral del Poder Judicial de la Federaci\u00f3n (TEPJF) cancelaron la candidatura de F\u00e9lix Salgado Macedonio<\/p>\n\n\n\n<p>Afirm\u00f3 que la mafia del poder \u201cse equivoc\u00f3 garrafalmente\u201d al pensar que hab\u00eda detenido la Cuarta Transformaci\u00f3n en Guerrero<\/p>\n\n\n\n<p>Hern\u00e1ndez Mart\u00ednez celebr\u00f3 que ahora sea Evelyn Salgado, una mujer \u201cde gran coraz\u00f3n, sensible\u201d, quien llevar\u00e1 los destinos de nuestro estado.<\/p>\n\n\n\n<p>El siguiente al micr\u00f3fono fue el dirigente nacional de Morena, Mario Delgado Carrillo, quien destac\u00f3 la alegr\u00eda desbordada del pueblo de Guerrero.<\/p>\n\n\n\n<p>\u201cTenemos m\u00e1s viva que nunca la esperanza del cambio, la esperanza de la Cuarta Transformaci\u00f3n; esta es la alegr\u00eda de la victoria\u201d, expres\u00f3.<\/p>\n\n\n\n<p>El l\u00edder partidista calific\u00f3 la cancelaci\u00f3n de la candidatura de F\u00e9lix Salgado como \u201cuno de los atracos m\u00e1s vergonzosos en la historia de nuestro pa\u00eds\u201d y reconoci\u00f3 la lucha que dieron los guerrerenses en esta batalla por la democracia.<\/p>\n\n\n\n<p>\u201cPensaron que, rob\u00e1ndole la candidatura a F\u00e9lix, nuestro movimiento iba a fracasar; lo que no saben, lo que no entienden, es que este movimiento va m\u00e1s all\u00e1 de las personas, est\u00e1 en todos y cada uno de nosotros, est\u00e1 en todos aquellos que queremos vivir en un pa\u00eds mejor, en una aut\u00e9ntica democracia\u201d, expuso.<\/p>\n\n\n\n<p>Desde ah\u00ed, afirm\u00f3 que Salado Macedonio \u201cqued\u00f3 para siempre como uno de los grandes referentes en la lucha por la democracia en Guerrero y en todo el pa\u00eds\u201d.<\/p>\n\n\n\n<p>Despu\u00e9s, Delgado Carrillo afirm\u00f3 que Morena encontr\u00f3 en Evelyn Salgado Pineda a alguien mejor que F\u00e9lix para encabezar la lucha por la Cuarta Transformaci\u00f3n en el estado.<\/p>\n\n\n\n<p>Asever\u00f3 que Evelyn Salgado es \u201cun liderazgo extraordinario, una mujer preparada que aprendi\u00f3 la lucha democr\u00e1tica en casa, lo que la convierte en un liderazgo inigualable\u201d.<\/p>\n\n\n\n<p>\u201cAunque se enoje mi amigo F\u00e9lix, yo digo que ella va a sacar m\u00e1s votos que \u00e9l\u201d, afirm\u00f3.<\/p>\n\n\n\n<p>Con el liderazgo de Evelyn, dijo, Morena y el pueblo \u201csacar\u00e1n para siempre a los gobiernos corruptos que han empobrecido a Guerrero\u201d.<\/p>\n\n\n\n<p>\u201c\u00a1Fuera!, \u00a1fuera!\u201d, gritaron los ciudadanos en repudio al PRI, PAN, PRD y MC.<\/p>\n\n\n\n<p>En ese punto, Delgado Carrillo critic\u00f3 la reciente declinaci\u00f3n de la candidata del PAN por el abanderado de la alianza PRI-PRD.<\/p>\n\n\n\n<p>\u201cTodos sab\u00edamos que andaban, pero ya se descararon, ya se unieron, ya se matrimoniaron en una alianza porque ya se quitaron la m\u00e1scara y tienen el mismo rostro, el rostro de la corrupci\u00f3n; pero el pueblo de M\u00e9xico ya despert\u00f3, el pueblo de Guerrero tambi\u00e9n y sabemos que s\u00f3lo hay de dos sopas el 06 de junio: O llega la transformaci\u00f3n con Morena o sigue la robadera\u201d, sentenci\u00f3.<\/p>\n\n\n\n<p>\u201c\u00bfQu\u00e9 sigue\u201d, les pregunt\u00f3 a los ciudadanos, que respondieron al un\u00edsono: \u201c\u00a1Morena, Morena, Morena!\u201d<\/p>\n\n\n\n<p>Delgado Carrillo llam\u00f3 a los guerrerenses a votar masivamente por Morena, \u201cpara que los tramposos no tengan margen\u201d para hacer fraude y \u201cno les quede m\u00e1s que reconocer\u201d que en Guerrero \u201chay toro, hay tora y Evelyn ser\u00e1 gobernadora\u201d.<\/p>\n\n\n\n<p>Advirti\u00f3 que ante la derrota inminente de la alianza PRI-PAN-PRD, la mafia del poder tratar\u00e1 de \u201cmeterle miedo al pueblo de Guerrero en distintas zonas del estado para que la gente no salga a votar\u201d.<\/p>\n\n\n\n<p>Sin embargo, asever\u00f3 que \u201cse van a equivocar otra vez, porque cuando el pueblo se decide, no hay nada ni nadie que lo pueda detener\u201d.<\/p>\n\n\n\n<p>Afirm\u00f3 que a partir del triunfo de Evelyn Salgado Pineda \u201chabr\u00e1 un antes y un despu\u00e9s para Guerrero, ser\u00e1n tiempos mejores\u201d, de trabajo en equipo con el presidente Andr\u00e9s Manuel L\u00f3pez Obrador.<\/p>\n\n\n\n<p>El siguiente al micr\u00f3fono fue el senador con licencia por Morena, F\u00e9lix Salgado Macedonio.<\/p>\n\n\n\n<p>El luchador social agradeci\u00f3 el acompa\u00f1amiento del pueblo en este movimiento \u201csolidario, amoroso, consciente, noble desde sus or\u00edgenes\u201d.<\/p>\n\n\n\n<p>\u201cYo estoy muy emocionado soy un padre muy afortunado de tener una hija como Evelyn, una mujer inteligente, muy preparada, con ideales, con convicciones, que sabe lo que va a hacer; Evelyn es independiente desde ni\u00f1a y resuelve, ella es estudiosa, puro 10 en calificaci\u00f3n, est\u00e1 titulada, es abogada y tiene maestr\u00eda, no como el otro que va a perder\u201d, expres\u00f3.<\/p>\n\n\n\n<p>Asever\u00f3 que el candidato del PRI-PRD-PAN es \u201cun costal de ma\u00f1as (\u2026), un falso\u201d, que se hace pasar y firma como contador p\u00fablico sin serlo.<\/p>\n\n\n\n<p>Salgado Macedonio asegur\u00f3 que Morena le ganar\u00e1 en las urnas a su adversario \u201ccon el voto masivo del pueblo\u201d, porque en sus 30 a\u00f1os en la vida pol\u00edtica y la lucha social, \u201cnunca hab\u00eda vivido una campa\u00f1a tan hermosa, tan emotiva, tan feliz, tan llena de amor como esta\u201d.<\/p>\n\n\n\n<p>\u201cNo solo vamos a ganar, vamos a arrasar\u201d, sentenci\u00f3.<\/p>\n\n\n\n<p>El evento pol\u00edtico concluy\u00f3 con el mensaje de la candidata a gobernadora Evelyn Salgado Pineda.<\/p>\n\n\n\n<p>\u201cDesde la capital del estado les decimos: \u00a1Aqu\u00ed hay toro y hay torita!\u201d, sentenci\u00f3 en el arranque de su discurso.<\/p>\n\n\n\n<p>Coment\u00f3 que, orgullosamente, es nieta de campesinos, hija de grandes luchadores sociales, madre de dos hijos y lleva m\u00e1s de 30 a\u00f1os recorriendo el estado para acompa\u00f1ar a su padre F\u00e9lix Salgado Macedonio, a quien se refiri\u00f3 como \u201cun gran luchador social\u201d y que ha caminado junto a grandes referentes de la izquierda, como Cuauht\u00e9moc C\u00e1rdenas Sol\u00f3rzano y el presidente Andr\u00e9s Manuel L\u00f3pez Obrador.<\/p>\n\n\n\n<p>Subray\u00f3 que ella naci\u00f3 en la izquierda, creci\u00f3 en la izquierda y morir\u00e1 en la izquierda, junto al pueblo, porque \u201cel amor por servir a la gente se siente en la sangre y se trae en el coraz\u00f3n\u201d.<\/p>\n\n\n\n<p>Destac\u00f3 que su campa\u00f1a ha sido junto al pueblo, de la mano de la gente y ha roto con estigmas y estereotipos.<\/p>\n\n\n\n<p>\u201cLo digo fuerte y claro: \u00a1S\u00ed se puede y no les voy a fallar! Amo profundamente a esta noble tierra que nos ha dado todo lo que somos y habremos de ofrendar por ella nuestra vida y nuestro trabajo\u201d, sentenci\u00f3.<\/p>\n\n\n\n<p>Evelyn Salgado afirm\u00f3 que su gobierno se enfocar\u00e1 en combatir la injusticia, la desigualdad, la pobreza y el rezago que hoy padece el pueblo de Guerrero.<\/p>\n\n\n\n<p>Entre sus propuestas, ratific\u00f3 que los apoyos llegar\u00e1n de manera directa y sin intermediarios hasta el \u00faltimo rinc\u00f3n del estado.<\/p>\n\n\n\n<p>Su gobierno, indic\u00f3, se enfocar\u00e1 en atender cinco ejes fundamentales: salud, educaci\u00f3n, seguridad p\u00fablica, desarrollo econ\u00f3mico y turismo.<\/p>\n\n\n\n<p>Adelant\u00f3 que una de sus primeras acciones ser\u00e1 identificar y evaluar las unidades m\u00e9dicas que hay en el estado, para detectar cu\u00e1les est\u00e1n inoperantes, cu\u00e1les requieren remodelaci\u00f3n y cu\u00e1les son las carencias de cada una de ellas.<\/p>\n\n\n\n<p>Asegur\u00f3 que su gobierno se enfocar\u00e1 en redoblar esfuerzos para que haya abasto suficiente de insumos m\u00e9dicos y para garantizar mejores condiciones laborales para el personal de salud.<\/p>\n\n\n\n<p>Tambi\u00e9n dijo que ser\u00e1 una promotora incansable de la educaci\u00f3n, para que ning\u00fan ni\u00f1o y ning\u00fan joven se queden fuera de las aulas y que los maestros tengan el material necesario para impartir clases.<\/p>\n\n\n\n<p>Apoyo directo a las escuelas, crear la subsecretar\u00eda de educaci\u00f3n ind\u00edgena y afromexicana, becas para estudiantes y j\u00f3venes talentos, fueron otros de sus compromisos.<\/p>\n\n\n\n<p>En materia de seguridad p\u00fablica, dijo que asumir\u00e1 un papel activo en la construcci\u00f3n de la paz y la seguridad.<\/p>\n\n\n\n<p>\u201cVamos a pacificar Guerrero, nuestro estado, con conciliaci\u00f3n, con di\u00e1logo, con unidad y sin represi\u00f3n alguna\u201d, asegur\u00f3.<\/p>\n\n\n\n<p>En materia de desarrollo econ\u00f3mico, dijo que instrumentar\u00e1 las estrategias necesarias para garantizar que todos los guerrerenses tengan las mismas oportunidades para salir adelante y nadie se quede atr\u00e1s.<\/p>\n\n\n\n<p>Asimismo, se comprometi\u00f3 a promover la agenda de desarrollo sostenible 2030 de la ONU y a fortalecer la actividad tur\u00edstica a nivel nacional e internacional.<\/p>\n\n\n\n<p>Evelyn Salgado Pineda afirm\u00f3 que tocar\u00e1 todas las puertas que sean necesarias y ser\u00e1 una gestora incansable para que los recursos lleguen a Guerrero, \u201cque se acabe la respuesta de que no hay presupuesto\u201d.<\/p>\n\n\n\n<p>Ratific\u00f3 que se terminar\u00e1 con los cacicazgos, el influyentismo, los privilegios y el derroche, porque su gobierno ser\u00e1 austero hacia adentro y generoso con el pueblo.<\/p>\n\n\n\n<p>\u201cVamos a trabajar por un guerrero diferente, con visi\u00f3n y progreso, con respeto irrestricto por las libertades de todos y con las mujeres y los j\u00f3venes que son la punta de lanza de la Cuarta Transformaci\u00f3n; el nuestro ser\u00e1 un gobierno incluyente y transversal, todo el apoyo a v\u00edctimas del delito, migrantes, comunidades ind\u00edgenas, personas con discapacidad, diversidad sexual, los j\u00f3venes y las mujeres\u201d, sentenci\u00f3.<\/p>\n\n\n\n<p>A los guerrerenses les dijo que no est\u00e1n solos y que juntos construir\u00e1n un mejor Guerrero.<\/p>\n\n\n\n<p>\u201cCon juventud y experiencia, haremos la diferencia; hay capacidad, hay proyecto y sobre todo, hay mucho amor por esta tierra que nos vio nacer, el cambio verdadero llegar\u00e1 a Guerrero de la mano de este gran proyecto transformador\u201d, sostuvo.<\/p>\n\n\n\n<p>Evelyn Salgado Pineda asegur\u00f3 que, en Guerrero, la esperanza contin\u00faa y que Morena llegar\u00e1 a la victoria.<\/p>\n\n\n\n<p>\u201c\u00a1Vamos a ganar!\u201d, afirm\u00f3 al cierre de su intervenci\u00f3n.<\/p>\n\n\n\n<p>Despu\u00e9s, la candidata de Morena arranc\u00f3 la fiesta popular cantando la canci\u00f3n Como la flor; le sigui\u00f3 F\u00e9lix Salgado Macedonio con el tema D\u00e9jenme llorar y dio paso al concierto de Los Freddys.<\/p>\n","protected":false},"excerpt":{"rendered":"<p>&#8211; Ofrece trabajar por un Guerrero diferente, \u201ccon visi\u00f3n y progreso\u201d Chilpancingo, Gro., 29 de mayo de 2021.- \u201c\u00a1Vamos a ganar!\u201d, afirm\u00f3 la candidata de Morena a la gubernatura, Evelyn&hellip; <\/p>\n","protected":false},"author":1,"featured_media":33537,"comment_status":"open","ping_status":"open","sticky":false,"template":"","format":"standard","meta":{"fifu_image_url":"","fifu_image_alt":"","footnotes":""},"categories":[25],"tags":[132],"class_list":["post-33538","post","type-post","status-publish","format-standard","has-post-thumbnail","hentry","category-ruta-2021","tag-la-torita"],"_links":{"self":[{"href":"https:\/\/www.interaccionnoticias.com.mx\/index.php?rest_route=\/wp\/v2\/posts\/33538","targetHints":{"allow":["GET"]}}],"collection":[{"href":"https:\/\/www.interaccionnoticias.com.mx\/index.php?rest_route=\/wp\/v2\/posts"}],"about":[{"href":"https:\/\/www.interaccionnoticias.com.mx\/index.php?rest_route=\/wp\/v2\/types\/post"}],"author":[{"embeddable":true,"href":"https:\/\/www.interaccionnoticias.com.mx\/index.php?rest_route=\/wp\/v2\/users\/1"}],"replies":[{"embeddable":true,"href":"https:\/\/www.interaccionnoticias.com.mx\/index.php?rest_route=%2Fwp%2Fv2%2Fcomments&post=33538"}],"version-history":[{"count":0,"href":"https:\/\/www.interaccionnoticias.com.mx\/index.php?rest_route=\/wp\/v2\/posts\/33538\/revisions"}],"wp:featuredmedia":[{"embeddable":true,"href":"https:\/\/www.interaccionnoticias.com.mx\/index.php?rest_route=\/wp\/v2\/media\/33537"}],"wp:attachment":[{"href":"https:\/\/www.interaccionnoticias.com.mx\/index.php?rest_route=%2Fwp%2Fv2%2Fmedia&parent=33538"}],"wp:term":[{"taxonomy":"category","embeddable":true,"href":"https:\/\/www.interaccionnoticias.com.mx\/index.php?rest_route=%2Fwp%2Fv2%2Fcategories&post=33538"},{"taxonomy":"post_tag","embeddable":true,"href":"https:\/\/www.interaccionnoticias.com.mx\/index.php?rest_route=%2Fwp%2Fv2%2Ftags&post=33538"}],"curies":[{"name":"wp","href":"https:\/\/api.w.org\/{rel}","templated":true}]}}