{"id":33499,"date":"2021-05-28T19:43:06","date_gmt":"2021-05-29T00:43:06","guid":{"rendered":"http:\/\/www.inter-accion.com.mx\/?p=33499"},"modified":"2021-05-28T19:43:06","modified_gmt":"2021-05-29T00:43:06","slug":"33499","status":"publish","type":"post","link":"https:\/\/www.interaccionnoticias.com.mx\/?p=33499","title":{"rendered":"La diversidad en la producci\u00f3n agropecuaria y el fortalecimiento de la miner\u00eda podr\u00edan detonar el desarrollo de la Sierra, aseguraron integrantes de Grupo Sierra"},"content":{"rendered":"\n<p><strong><em>&#8211; No somos delincuentes<\/em><\/strong><\/p>\n\n\n\n<p><strong>Rosario Garc\u00eda Orozco<\/strong><\/p>\n\n\n\n<p>Chilpancingo, 28 de mayo de 2021.- L\u00edderes del Grupo Sierra se pronunciaron por la diversidad de la producci\u00f3n agr\u00edcola de esa regi\u00f3n, y el fortalecimiento de la miner\u00eda, dado que consideraron que esa estrategia traer\u00e1 como consecuencia la pacificaci\u00f3n de esa zona.<\/p>\n\n\n\n<p>En conferencia de prensa los l\u00edderes sierre\u00f1os se dijeron convencidos de que si se invierte en proyectos productivos para fortalecer la siembra de aguacate, manzana y durazno los habitantes de esa zona podr\u00edan vivir en mejores condiciones econ\u00f3micas y de seguridad, adem\u00e1s de realizar sus actividades con toda libertad.<\/p>\n\n\n\n<p>\u201cNo somos delincuentes, somos gente normal como en cualquier parte del pa\u00eds, con mucha necesidad\u201d, dijo Jos\u00e9 Concepci\u00f3n Hern\u00e1ndez Solano, quien agreg\u00f3 que ya hay 3 minas en proceso de producci\u00f3n, de tal modo que tambi\u00e9n es posible detonar la econom\u00eda con esa rama de la productividad.<\/p>\n\n\n\n<p>\u201cSe trata de marcas internacionales, que ya van dejando econom\u00eda, y aunque no generan tantos empleos como quisi\u00e9ramos si es un avance importante\u201d, expres\u00f3 el ex alcalde de Heliodoro Castillo.<\/p>\n\n\n\n<p>Refiri\u00f3 que las ganancias de los narc\u00f3ticos que se siembran en la sierra \u201cse dan en lo obscurito\u201d y no benefician directamente al productor, por eso la idea de transformar la siembra de enervantes para la industria farmac\u00e9utica, para proteger al productor desalentando adem\u00e1s la inseguridad en la zona.<\/p>\n\n\n\n<p>Rigoberto Acosta Gonz\u00e1lez, dirigente del Grupo Sierra, dijo que de los ocho candidatos a la gubernatura del estado, solo Mario Moreno Arcos ha subido y escuchado a los habitantes de esa regi\u00f3n, y mencion\u00f3 que el abanderado de la alianza PRI-PRD ya firm\u00f3 una serie de compromisos para detonar esa parte del estado.<\/p>\n\n\n\n<p>Jos\u00e9 Concepci\u00f3n Hern\u00e1ndez Solano, urgi\u00f3 en la necesidad de preservar la sierra donde se encuentran los principales recursos naturales del estado, y no seguirlo postergando o de lo contrario, en un futuro solo se van a ver paisajes de bosques en un monitor de televisi\u00f3n.<\/p>\n\n\n\n<p>Record\u00f3 que en la historia de Guerrero nunca se hab\u00eda tenido un candidato a gobernador oriundo de esa zona y ahora es la oportunidad que lo tenga, con la esperanza de que ahora si se le reconozca a la sierra como la octava regi\u00f3n del estado.<\/p>\n\n\n\n<p>\u201cNos quedamos con seis gobernadores en el: ya merito, para el reconocimiento de la octava regi\u00f3n y hasta con un programa especial de la parte alta de los catorce municipios\u201d, expuso.<\/p>\n\n\n\n<p>Rigoberto Acosta insisti\u00f3 en que si no se logra alg\u00fan beneficio para la Sierra en esta ocasi\u00f3n, ya ser\u00eda un exceso, y es que al hacer un recuento mencion\u00f3 que no s\u00f3lo Mario Moreno es originario de una comunidad serrana, tambi\u00e9n Beatriz V\u00e9lez candidata a diputada federal, Olaguer Hern\u00e1ndez, candidato a diputado local y Alejandro Arcos, candidato a presidente municipal de Chilpancingo.<\/p>\n\n\n\n<p>Acosta Gonz\u00e1lez insisti\u00f3 en que el compromiso de los habitantes de esta parte del estado es la promoci\u00f3n del voto para Moreno Arcos en la parte alta de la sierra por considerar que al ser su paisano es necesario respaldarlo, \u201csi no lo logramos, entonces nos aplacamos\u201d, dijo en representaci\u00f3n de 143 mil habitantes de comunidades enclavadas en la Sierra de Guerrero.<\/p>\n","protected":false},"excerpt":{"rendered":"<p>&#8211; No somos delincuentes Rosario Garc\u00eda Orozco Chilpancingo, 28 de mayo de 2021.- L\u00edderes del Grupo Sierra se pronunciaron por la diversidad de la producci\u00f3n agr\u00edcola de esa regi\u00f3n, y&hellip; <\/p>\n","protected":false},"author":1,"featured_media":33494,"comment_status":"open","ping_status":"open","sticky":false,"template":"","format":"standard","meta":{"fifu_image_url":"","fifu_image_alt":"","footnotes":""},"categories":[23],"tags":[],"class_list":["post-33499","post","type-post","status-publish","format-standard","has-post-thumbnail","hentry","category-regionales"],"_links":{"self":[{"href":"https:\/\/www.interaccionnoticias.com.mx\/index.php?rest_route=\/wp\/v2\/posts\/33499","targetHints":{"allow":["GET"]}}],"collection":[{"href":"https:\/\/www.interaccionnoticias.com.mx\/index.php?rest_route=\/wp\/v2\/posts"}],"about":[{"href":"https:\/\/www.interaccionnoticias.com.mx\/index.php?rest_route=\/wp\/v2\/types\/post"}],"author":[{"embeddable":true,"href":"https:\/\/www.interaccionnoticias.com.mx\/index.php?rest_route=\/wp\/v2\/users\/1"}],"replies":[{"embeddable":true,"href":"https:\/\/www.interaccionnoticias.com.mx\/index.php?rest_route=%2Fwp%2Fv2%2Fcomments&post=33499"}],"version-history":[{"count":0,"href":"https:\/\/www.interaccionnoticias.com.mx\/index.php?rest_route=\/wp\/v2\/posts\/33499\/revisions"}],"wp:featuredmedia":[{"embeddable":true,"href":"https:\/\/www.interaccionnoticias.com.mx\/index.php?rest_route=\/wp\/v2\/media\/33494"}],"wp:attachment":[{"href":"https:\/\/www.interaccionnoticias.com.mx\/index.php?rest_route=%2Fwp%2Fv2%2Fmedia&parent=33499"}],"wp:term":[{"taxonomy":"category","embeddable":true,"href":"https:\/\/www.interaccionnoticias.com.mx\/index.php?rest_route=%2Fwp%2Fv2%2Fcategories&post=33499"},{"taxonomy":"post_tag","embeddable":true,"href":"https:\/\/www.interaccionnoticias.com.mx\/index.php?rest_route=%2Fwp%2Fv2%2Ftags&post=33499"}],"curies":[{"name":"wp","href":"https:\/\/api.w.org\/{rel}","templated":true}]}}