{"id":33356,"date":"2021-05-26T22:22:24","date_gmt":"2021-05-27T03:22:24","guid":{"rendered":"http:\/\/www.inter-accion.com.mx\/?p=33356"},"modified":"2021-05-26T22:22:24","modified_gmt":"2021-05-27T03:22:24","slug":"33356","status":"publish","type":"post","link":"https:\/\/www.interaccionnoticias.com.mx\/?p=33356","title":{"rendered":"Para el 2 de junio, todos los partidos deben retirar su propaganda electoral"},"content":{"rendered":"\n<p><strong><em>&#8211; El d\u00eda 3, inicia la veda electoral<\/em><\/strong><\/p>\n\n\n\n<p><strong>Rogelio Agust\u00edn<\/strong><\/p>\n\n\n\n<p>El Consejo General del Instituto Electoral y de Participaci\u00f3n Ciudadana (IEPCGRO) acord\u00f3 que a m\u00e1s tarda el 2 de junio, todos los partidos pol\u00edticos deber\u00e1n retirar la propaganda utilizada para buscar el voto de la ciudadan\u00eda, tambi\u00e9n se indic\u00f3 que al d\u00eda siguiente iniciar\u00e1 la veda electoral para todos los participantes.<\/p>\n\n\n\n<p>El Consejo General del IEPCGRO desarroll\u00f3 su Quinta Sesi\u00f3n Ordinaria, de manera presencial, en la que se emiti\u00f3 el aviso relativo al plazo con el que cuentan los partidos pol\u00edticos y candidaturas para el retiro de la propaganda utilizada en las campa\u00f1as electorales, que ya viven sus \u00faltimos d\u00edas.<\/p>\n\n\n\n<p>Se anota que a m\u00e1s tardar el 2 de junio pr\u00f3ximo, los partidos pol\u00edticos, candidatura com\u00fan, coaliciones y las candidaturas que participan en el actual Proceso Electoral, deber\u00e1n retirar toda la propaganda electoral que para tal efecto se haya colocado o fijado, como parte de sus actividades de proselitismo.<\/p>\n\n\n\n<p>Asimismo, se emiti\u00f3 el aviso dirigido a los partidos pol\u00edticos, coaliciones, candidatura com\u00fan, candidaturas independientes, medios de comunicaci\u00f3n y a la ciudadan\u00eda en general, relativo a las restricciones electorales durante el periodo comprendido del 3 al 6 de junio del a\u00f1o 2021, periodo tambi\u00e9n conocido como Veda Electoral, en el que queda prohibido celebrar y difundir reuniones o actos p\u00fablicos de campa\u00f1a, de propaganda o de proselitismo electoral. Adem\u00e1s.<\/p>\n\n\n\n<p>Eso implica que a partir de 3 de junio debe suspenderse todo acto de difusi\u00f3n de notas period\u00edsticas y prensa escrita, relacionadas con dichas actividades.<\/p>\n\n\n\n<p>De la misma manera, queda prohibido publicar o difundir, por cualquier medio, los resultados de encuestas o sondeos de opini\u00f3n que tengan por objeto dar a conocer las preferencias electorales de la ciudadan\u00eda, del 3 al 5 de junio y hasta las 20:00 horas del d\u00eda 6 del mismo mes y a\u00f1o. Este aviso se\u00f1ala tambi\u00e9n que el 5 y 6 de junio permanecer\u00e1n cerrados todos los establecimientos que, en cualquiera de sus giros, expendan bebidas embriagantes, lo que implica la implementaci\u00f3n de la Ley Seca.<\/p>\n\n\n\n<p>Durante esta Sesi\u00f3n Ordinaria se dio respuesta a las autoridades civiles y agrarias del municipio de San Luis Acatl\u00e1n, que solicitaron restituir la elecci\u00f3n de sus autoridades municipales bajo el sistema de usos y costumbres y posponer la elecci\u00f3n de autoridades municipales a celebrarse el 6 de junio de 2021.<\/p>\n\n\n\n<p>Se les precis\u00f3 que les asiste el derecho para solicitar el cambio de modelo de elecci\u00f3n para elegir a quienes integrar\u00e1n el Ayuntamiento de San Luis Acatl\u00e1n, a trav\u00e9s del sistema normativo interno, conocido com\u00fanmente como de usos y costumbres; sin embargo, para acceder a tal derecho, es indispensable seguir el procedimiento normativo establecido para ello.<\/p>\n\n\n\n<p>Por cuanto hace a la solicitud de \u201cno permitir la instalaci\u00f3n de casillas para la elecci\u00f3n de la Presidencia Municipal\u201d se les inform\u00f3 que esto podr\u00eda incurrir en una vulneraci\u00f3n al derecho de votar y ser votados de la ciudadan\u00eda de las dem\u00e1s comunidades que integran el municipio y colonias, mismas que no suscriben la petici\u00f3n y, no consta al IEPCGRO la coincidencia o disidencia con la petici\u00f3n planteada. Adem\u00e1s, no puede pasar desapercibido que la Ley General en Materia de Delitos Electorales establece que \u201cSe impondr\u00e1n de cincuenta a cien d\u00edas multa y prisi\u00f3n de seis meses a tres a\u00f1os, a quien: impida, sin causa legalmente justificada, la instalaci\u00f3n o clausura de una casilla. Si la conducta se realiza por una o varias personas armadas o que utilicen o porten objetos peligrosos, la pena se\u00f1alada se aumentar\u00e1 hasta en una mitad, con independencia de las que correspondan por la comisi\u00f3n de otros delitos.<\/p>\n","protected":false},"excerpt":{"rendered":"<p>&#8211; El d\u00eda 3, inicia la veda electoral Rogelio Agust\u00edn El Consejo General del Instituto Electoral y de Participaci\u00f3n Ciudadana (IEPCGRO) acord\u00f3 que a m\u00e1s tarda el 2 de junio,&hellip; <\/p>\n","protected":false},"author":1,"featured_media":33357,"comment_status":"open","ping_status":"open","sticky":false,"template":"","format":"standard","meta":{"fifu_image_url":"","fifu_image_alt":"","footnotes":""},"categories":[17],"tags":[119,120],"class_list":["post-33356","post","type-post","status-publish","format-standard","has-post-thumbnail","hentry","category-organos-electorales","tag-iepc","tag-iepcgro"],"_links":{"self":[{"href":"https:\/\/www.interaccionnoticias.com.mx\/index.php?rest_route=\/wp\/v2\/posts\/33356","targetHints":{"allow":["GET"]}}],"collection":[{"href":"https:\/\/www.interaccionnoticias.com.mx\/index.php?rest_route=\/wp\/v2\/posts"}],"about":[{"href":"https:\/\/www.interaccionnoticias.com.mx\/index.php?rest_route=\/wp\/v2\/types\/post"}],"author":[{"embeddable":true,"href":"https:\/\/www.interaccionnoticias.com.mx\/index.php?rest_route=\/wp\/v2\/users\/1"}],"replies":[{"embeddable":true,"href":"https:\/\/www.interaccionnoticias.com.mx\/index.php?rest_route=%2Fwp%2Fv2%2Fcomments&post=33356"}],"version-history":[{"count":0,"href":"https:\/\/www.interaccionnoticias.com.mx\/index.php?rest_route=\/wp\/v2\/posts\/33356\/revisions"}],"wp:featuredmedia":[{"embeddable":true,"href":"https:\/\/www.interaccionnoticias.com.mx\/index.php?rest_route=\/wp\/v2\/media\/33357"}],"wp:attachment":[{"href":"https:\/\/www.interaccionnoticias.com.mx\/index.php?rest_route=%2Fwp%2Fv2%2Fmedia&parent=33356"}],"wp:term":[{"taxonomy":"category","embeddable":true,"href":"https:\/\/www.interaccionnoticias.com.mx\/index.php?rest_route=%2Fwp%2Fv2%2Fcategories&post=33356"},{"taxonomy":"post_tag","embeddable":true,"href":"https:\/\/www.interaccionnoticias.com.mx\/index.php?rest_route=%2Fwp%2Fv2%2Ftags&post=33356"}],"curies":[{"name":"wp","href":"https:\/\/api.w.org\/{rel}","templated":true}]}}