{"id":33294,"date":"2021-05-26T14:38:14","date_gmt":"2021-05-26T19:38:14","guid":{"rendered":"http:\/\/www.inter-accion.com.mx\/?p=33294"},"modified":"2021-05-26T14:38:14","modified_gmt":"2021-05-26T19:38:14","slug":"33294","status":"publish","type":"post","link":"https:\/\/www.interaccionnoticias.com.mx\/?p=33294","title":{"rendered":"Con marcha, normalistas de Ayotzinapa reprochan 80 meses sin avances en el caso Iguala"},"content":{"rendered":"\n<p><em><strong>&#8211; No hay resultados en torno a la desaparici\u00f3n de los 43, reprochan las organizaciones<\/strong><\/em><\/p>\n\n\n\n<p><strong>Jes\u00fas Dorantes<\/strong><\/p>\n\n\n\n<p><strong>Chilpancingo, Gro.-<\/strong> Con una marcha, estudiantes de la Normal Rural de Ayotzinapa, maestros disidentes y organizaciones sociales reprocharon la ausencia de resultados en las investigaciones del caso Iguala, a 80 meses de la desaparici\u00f3n de sus 43 compa\u00f1eros.<\/p>\n\n\n\n<p>La marcha comenz\u00f3 en la alameda Granados Maldonado, avanz\u00f3 por todo el centro hasta llegar al punto conocido como el anti-monumento a los 43, ubicado en el punto conocido como las Banderas, sobre la avenida L\u00e1zaro C\u00e1rdenas.<\/p>\n\n\n\n<p>Ah\u00ed, estudiantes de Ayotzinapa e integrantes de la Coordinadora Estatal de Trabajadores de la Educaci\u00f3n Guerrero (CETEG), exigieron la presentaci\u00f3n con vida de los j\u00f3venes agraviados, que hasta la fecha se han perdido durante 6 a\u00f1os, celebraciones como la del d\u00eda del estudiante y del maestro.<\/p>\n\n\n\n<p>Dentro de la protesta tambi\u00e9n fueron condenados los actos de represi\u00f3n por parte de la Polic\u00eda Estatal de Chiapas en contra de normalistas de Mactumatz\u00e1-Chiapas, que dej\u00f3 un saldo de 95 detenidos, de los cuales fueron liberadas 74 de sus compa\u00f1eras el pasado 23 de julio.<\/p>\n\n\n\n<p>Por su parte, los profesores de la CETEG realizaron un exhorto a los partidos pol\u00edticos para reencausar el presupuesto de las campa\u00f1as de proselitismo, para efecto de destinarlos a la inversi\u00f3n que ser\u00e1 necesaria en la rehabilitaci\u00f3n de las escuelas, para garantizar el regreso a clases presenciales, tras el paso a \u00abSem\u00e1foro Verde\u00bb en el estado.<\/p>\n\n\n\n<p>Luego de una hora de que se iniciara la protesta, el contingente arrib\u00f3 hasta el punto en que se realiz\u00f3 un mitin, bloqueando el paso vehicular sobre la avenida L\u00e1zaro C\u00e1rdenas, d\u00f3nde tambi\u00e9n fue colocado una corona de florales, con el nombre de los j\u00f3venes asesinados durante la noche del 26 de septiembre de 2014 y la madrugada del 27.<\/p>\n","protected":false},"excerpt":{"rendered":"<p>&#8211; No hay resultados en torno a la desaparici\u00f3n de los 43, reprochan las organizaciones Jes\u00fas Dorantes Chilpancingo, Gro.- Con una marcha, estudiantes de la Normal Rural de Ayotzinapa, maestros&hellip; <\/p>\n","protected":false},"author":1,"featured_media":33278,"comment_status":"open","ping_status":"open","sticky":false,"template":"","format":"standard","meta":{"fifu_image_url":"","fifu_image_alt":"","footnotes":""},"categories":[6],"tags":[54,144],"class_list":["post-33294","post","type-post","status-publish","format-standard","has-post-thumbnail","hentry","category-educacion","tag-ayotzinapa","tag-marcha"],"_links":{"self":[{"href":"https:\/\/www.interaccionnoticias.com.mx\/index.php?rest_route=\/wp\/v2\/posts\/33294","targetHints":{"allow":["GET"]}}],"collection":[{"href":"https:\/\/www.interaccionnoticias.com.mx\/index.php?rest_route=\/wp\/v2\/posts"}],"about":[{"href":"https:\/\/www.interaccionnoticias.com.mx\/index.php?rest_route=\/wp\/v2\/types\/post"}],"author":[{"embeddable":true,"href":"https:\/\/www.interaccionnoticias.com.mx\/index.php?rest_route=\/wp\/v2\/users\/1"}],"replies":[{"embeddable":true,"href":"https:\/\/www.interaccionnoticias.com.mx\/index.php?rest_route=%2Fwp%2Fv2%2Fcomments&post=33294"}],"version-history":[{"count":0,"href":"https:\/\/www.interaccionnoticias.com.mx\/index.php?rest_route=\/wp\/v2\/posts\/33294\/revisions"}],"wp:featuredmedia":[{"embeddable":true,"href":"https:\/\/www.interaccionnoticias.com.mx\/index.php?rest_route=\/wp\/v2\/media\/33278"}],"wp:attachment":[{"href":"https:\/\/www.interaccionnoticias.com.mx\/index.php?rest_route=%2Fwp%2Fv2%2Fmedia&parent=33294"}],"wp:term":[{"taxonomy":"category","embeddable":true,"href":"https:\/\/www.interaccionnoticias.com.mx\/index.php?rest_route=%2Fwp%2Fv2%2Fcategories&post=33294"},{"taxonomy":"post_tag","embeddable":true,"href":"https:\/\/www.interaccionnoticias.com.mx\/index.php?rest_route=%2Fwp%2Fv2%2Ftags&post=33294"}],"curies":[{"name":"wp","href":"https:\/\/api.w.org\/{rel}","templated":true}]}}