{"id":33287,"date":"2021-05-26T14:31:05","date_gmt":"2021-05-26T19:31:05","guid":{"rendered":"http:\/\/www.inter-accion.com.mx\/?p=33287"},"modified":"2021-05-26T14:31:05","modified_gmt":"2021-05-26T19:31:05","slug":"33287","status":"publish","type":"post","link":"https:\/\/www.interaccionnoticias.com.mx\/?p=33287","title":{"rendered":"El atentado contra Alberto Alonso ocasiona tensi\u00f3n en el proceso electoral : Alberto Catal\u00e1n"},"content":{"rendered":"\n<p><em><strong>&#8211; El dirigente del PRD llama a la autoridad municipal a coordinarse mejor para brindar seguridad, porque bajo su mandato se ha incrementado la violencia, se\u00f1ala<\/strong><\/em><\/p>\n\n\n\n<p><strong>Chilpancingo, Guerrero, 26 de mayo de 2021.-<\/strong> El atentado en contra de Alberto Alonso Guti\u00e9rrez, candidato de Fuerza por M\u00e9xico a la alcald\u00eda de Acapulco, \u201cocasiona una tensi\u00f3n que perturba el cierre de las campa\u00f1as\u201d advirti\u00f3 el dirigente del PRD en Guerrero, Alberto Catal\u00e1n Bastida.<\/p>\n\n\n\n<p>\u201cAcapulco es un municipio gobernado por Morena y, bajo su mandato, se han incrementado los hechos de violencia recientemente\u201d a\u00f1adi\u00f3. En este sentido, Catal\u00e1n Bastida, demand\u00f3 a la autoridad municipal mayor coordinaci\u00f3n con las fuerzas armadas y el Estado para brindar mayor seguridad; no s\u00f3lo para las y los candidatos, sino tambi\u00e9n para la ciudadan\u00eda.<\/p>\n\n\n\n<p>Alberto Catal\u00e1n consider\u00f3 que \u201cestos hechos ocurren para sobrecalentar el ambiente, a escasos once d\u00edas de que se realice la elecci\u00f3n\u201d.<\/p>\n\n\n\n<p>Se\u00f1al\u00f3, tambi\u00e9n, que con estas acciones se pretende inhibir la participaci\u00f3n de los ciudadanos en las urnas.<\/p>\n\n\n\n<p>Tras lo ocurrido, el dirigente estatal del sol azteca, lament\u00f3 la agresi\u00f3n y se solidariz\u00f3 con Alonso Guti\u00e9rrez. Adem\u00e1s, hizo un llamado a las autoridades para que investiguen estos hechos y encuentren, a la brevedad, a quienes resulten responsables.<\/p>\n\n\n\n<p>\u201cA nadie le conviene que los ciudadanos se queden en sus casas este seis de junio, pues se trata de la jornada que definir\u00e1 el rumbo qu\u00e9 seguir\u00e1n el Pa\u00eds, el Estado y los municipios\u201d destac\u00f3.<\/p>\n","protected":false},"excerpt":{"rendered":"<p>&#8211; El dirigente del PRD llama a la autoridad municipal a coordinarse mejor para brindar seguridad, porque bajo su mandato se ha incrementado la violencia, se\u00f1ala Chilpancingo, Guerrero, 26 de&hellip; <\/p>\n","protected":false},"author":1,"featured_media":33276,"comment_status":"open","ping_status":"open","sticky":false,"template":"","format":"standard","meta":{"fifu_image_url":"","fifu_image_alt":"","footnotes":""},"categories":[25],"tags":[41],"class_list":["post-33287","post","type-post","status-publish","format-standard","has-post-thumbnail","hentry","category-ruta-2021","tag-alberto-catalan"],"_links":{"self":[{"href":"https:\/\/www.interaccionnoticias.com.mx\/index.php?rest_route=\/wp\/v2\/posts\/33287","targetHints":{"allow":["GET"]}}],"collection":[{"href":"https:\/\/www.interaccionnoticias.com.mx\/index.php?rest_route=\/wp\/v2\/posts"}],"about":[{"href":"https:\/\/www.interaccionnoticias.com.mx\/index.php?rest_route=\/wp\/v2\/types\/post"}],"author":[{"embeddable":true,"href":"https:\/\/www.interaccionnoticias.com.mx\/index.php?rest_route=\/wp\/v2\/users\/1"}],"replies":[{"embeddable":true,"href":"https:\/\/www.interaccionnoticias.com.mx\/index.php?rest_route=%2Fwp%2Fv2%2Fcomments&post=33287"}],"version-history":[{"count":0,"href":"https:\/\/www.interaccionnoticias.com.mx\/index.php?rest_route=\/wp\/v2\/posts\/33287\/revisions"}],"wp:featuredmedia":[{"embeddable":true,"href":"https:\/\/www.interaccionnoticias.com.mx\/index.php?rest_route=\/wp\/v2\/media\/33276"}],"wp:attachment":[{"href":"https:\/\/www.interaccionnoticias.com.mx\/index.php?rest_route=%2Fwp%2Fv2%2Fmedia&parent=33287"}],"wp:term":[{"taxonomy":"category","embeddable":true,"href":"https:\/\/www.interaccionnoticias.com.mx\/index.php?rest_route=%2Fwp%2Fv2%2Fcategories&post=33287"},{"taxonomy":"post_tag","embeddable":true,"href":"https:\/\/www.interaccionnoticias.com.mx\/index.php?rest_route=%2Fwp%2Fv2%2Ftags&post=33287"}],"curies":[{"name":"wp","href":"https:\/\/api.w.org\/{rel}","templated":true}]}}