{"id":33284,"date":"2021-05-26T14:27:36","date_gmt":"2021-05-26T19:27:36","guid":{"rendered":"http:\/\/www.inter-accion.com.mx\/?p=33284"},"modified":"2021-05-26T14:27:36","modified_gmt":"2021-05-26T19:27:36","slug":"33284","status":"publish","type":"post","link":"https:\/\/www.interaccionnoticias.com.mx\/?p=33284","title":{"rendered":"Condena Ricardo Taja atentado contra \u201cEl g\u00fcero\u201d Alonso"},"content":{"rendered":"\n<p><strong>Javier Trujillo<\/strong><\/p>\n\n\n\n<p><strong>Acapulco, Gro.- <\/strong>El candidato de la alianza PRI-PRD, Ricardo Taja Ram\u00edrez, conden\u00f3 en\u00e9rgicamente el ataque a balazos que sufri\u00f3 el candidato del partido Fuerza por M\u00e9xico, Jos\u00e9 Alberto Alonso Guti\u00e9rrez y envi\u00f3 su solidaridad a su contrincante, familiares y amigos.<\/p>\n\n\n\n<p>Subray\u00f3 que ese acto de violencia muestra el grado de inseguridad que viven todos los d\u00edas los acapulque\u00f1os con una autoridad municipal que parece no trabajar en la prevenci\u00f3n del delito.<\/p>\n\n\n\n<p>El abanderado de la coalici\u00f3n a\u00f1adi\u00f3 que es tiempo de que todos los candidatos muestren grandeza de miras y la etapa final de la campa\u00f1a sea de propuestas y no de ataques personales ni se\u00f1alamientos o acusaciones sin fundamentos.<\/p>\n\n\n\n<p>\u201cVamos a trabajar juntos por un Acapulco sin violencia\u201d, remat\u00f3 en un breve comunicado.<\/p>\n","protected":false},"excerpt":{"rendered":"<p>Javier Trujillo Acapulco, Gro.- El candidato de la alianza PRI-PRD, Ricardo Taja Ram\u00edrez, conden\u00f3 en\u00e9rgicamente el ataque a balazos que sufri\u00f3 el candidato del partido Fuerza por M\u00e9xico, Jos\u00e9 Alberto&hellip; <\/p>\n","protected":false},"author":1,"featured_media":33280,"comment_status":"open","ping_status":"open","sticky":false,"template":"","format":"standard","meta":{"fifu_image_url":"","fifu_image_alt":"","footnotes":""},"categories":[25],"tags":[166],"class_list":["post-33284","post","type-post","status-publish","format-standard","has-post-thumbnail","hentry","category-ruta-2021","tag-ricardo-taja"],"_links":{"self":[{"href":"https:\/\/www.interaccionnoticias.com.mx\/index.php?rest_route=\/wp\/v2\/posts\/33284","targetHints":{"allow":["GET"]}}],"collection":[{"href":"https:\/\/www.interaccionnoticias.com.mx\/index.php?rest_route=\/wp\/v2\/posts"}],"about":[{"href":"https:\/\/www.interaccionnoticias.com.mx\/index.php?rest_route=\/wp\/v2\/types\/post"}],"author":[{"embeddable":true,"href":"https:\/\/www.interaccionnoticias.com.mx\/index.php?rest_route=\/wp\/v2\/users\/1"}],"replies":[{"embeddable":true,"href":"https:\/\/www.interaccionnoticias.com.mx\/index.php?rest_route=%2Fwp%2Fv2%2Fcomments&post=33284"}],"version-history":[{"count":0,"href":"https:\/\/www.interaccionnoticias.com.mx\/index.php?rest_route=\/wp\/v2\/posts\/33284\/revisions"}],"wp:featuredmedia":[{"embeddable":true,"href":"https:\/\/www.interaccionnoticias.com.mx\/index.php?rest_route=\/wp\/v2\/media\/33280"}],"wp:attachment":[{"href":"https:\/\/www.interaccionnoticias.com.mx\/index.php?rest_route=%2Fwp%2Fv2%2Fmedia&parent=33284"}],"wp:term":[{"taxonomy":"category","embeddable":true,"href":"https:\/\/www.interaccionnoticias.com.mx\/index.php?rest_route=%2Fwp%2Fv2%2Fcategories&post=33284"},{"taxonomy":"post_tag","embeddable":true,"href":"https:\/\/www.interaccionnoticias.com.mx\/index.php?rest_route=%2Fwp%2Fv2%2Ftags&post=33284"}],"curies":[{"name":"wp","href":"https:\/\/api.w.org\/{rel}","templated":true}]}}