{"id":33212,"date":"2021-05-25T14:38:00","date_gmt":"2021-05-25T19:38:00","guid":{"rendered":"http:\/\/www.inter-accion.com.mx\/?p=33212"},"modified":"2021-05-25T14:38:00","modified_gmt":"2021-05-25T19:38:00","slug":"33212","status":"publish","type":"post","link":"https:\/\/www.interaccionnoticias.com.mx\/?p=33212","title":{"rendered":"Sin mucha demanda en el INE de Acapulco"},"content":{"rendered":"\n<p><em><strong>En tres de los m\u00f3dulos sin aglomeraci\u00f3n<\/strong><\/em><\/p>\n\n\n\n<p><strong>Por Javier Trujillo<\/strong><\/p>\n\n\n\n<p><strong>Acapulco, Gro.-<\/strong> En el \u00faltimo d\u00eda para recuperar la credencial de elector del INE en Acapulco, la asistencia de ciudadanos fue muy baja.<\/p>\n\n\n\n<p>A dos semanas de llevarse a cabo la elecci\u00f3n del seis de junio en 15 Estados del pa\u00eds, este martes 25 de mayo ser\u00e1 el \u00faltimo d\u00eda para que las personas que hayan extraviado su credencial de elector puedan acudir a los m\u00f3dulos del Instituto Nacional Electoral (INE) a solicitar una reposici\u00f3n.<\/p>\n\n\n\n<p>En los m\u00f3dulos del INE en Acapulco, apenas se pudo observar algunos ciudadanos que acudieron a pedir la reposici\u00f3n de su credencial y en otros casos solamente informaci\u00f3n para realizar el tr\u00e1mite normal.<\/p>\n\n\n\n<p>\u00abYo extravie mi credencial de elector, y es por ello que viene a realizar la reposici\u00f3n, no sab\u00eda, y me dijo mi mam\u00e1, y por eso vine, lo bueno es que no hay mucha gente\u00bb, dijo Juan Manuel Guillen, en el m\u00f3dulo de Plaza El Patio en la zona suburbana de Acapulco.<\/p>\n\n\n\n<p>En el m\u00f3dulo de Costera 125, tampoco se hab\u00eda registrado ninguna aglomeraci\u00f3n de ciudadanos para reponer la credencial del INE, incluso se pudo observar algunas personas esperando su turno.<\/p>\n","protected":false},"excerpt":{"rendered":"<p>En tres de los m\u00f3dulos sin aglomeraci\u00f3n Por Javier Trujillo Acapulco, Gro.- En el \u00faltimo d\u00eda para recuperar la credencial de elector del INE en Acapulco, la asistencia de ciudadanos&hellip; <\/p>\n","protected":false},"author":1,"featured_media":33213,"comment_status":"open","ping_status":"open","sticky":false,"template":"","format":"standard","meta":{"fifu_image_url":"","fifu_image_alt":"","footnotes":""},"categories":[17],"tags":[38,125],"class_list":["post-33212","post","type-post","status-publish","format-standard","has-post-thumbnail","hentry","category-organos-electorales","tag-acapulco","tag-ine"],"_links":{"self":[{"href":"https:\/\/www.interaccionnoticias.com.mx\/index.php?rest_route=\/wp\/v2\/posts\/33212","targetHints":{"allow":["GET"]}}],"collection":[{"href":"https:\/\/www.interaccionnoticias.com.mx\/index.php?rest_route=\/wp\/v2\/posts"}],"about":[{"href":"https:\/\/www.interaccionnoticias.com.mx\/index.php?rest_route=\/wp\/v2\/types\/post"}],"author":[{"embeddable":true,"href":"https:\/\/www.interaccionnoticias.com.mx\/index.php?rest_route=\/wp\/v2\/users\/1"}],"replies":[{"embeddable":true,"href":"https:\/\/www.interaccionnoticias.com.mx\/index.php?rest_route=%2Fwp%2Fv2%2Fcomments&post=33212"}],"version-history":[{"count":0,"href":"https:\/\/www.interaccionnoticias.com.mx\/index.php?rest_route=\/wp\/v2\/posts\/33212\/revisions"}],"wp:featuredmedia":[{"embeddable":true,"href":"https:\/\/www.interaccionnoticias.com.mx\/index.php?rest_route=\/wp\/v2\/media\/33213"}],"wp:attachment":[{"href":"https:\/\/www.interaccionnoticias.com.mx\/index.php?rest_route=%2Fwp%2Fv2%2Fmedia&parent=33212"}],"wp:term":[{"taxonomy":"category","embeddable":true,"href":"https:\/\/www.interaccionnoticias.com.mx\/index.php?rest_route=%2Fwp%2Fv2%2Fcategories&post=33212"},{"taxonomy":"post_tag","embeddable":true,"href":"https:\/\/www.interaccionnoticias.com.mx\/index.php?rest_route=%2Fwp%2Fv2%2Ftags&post=33212"}],"curies":[{"name":"wp","href":"https:\/\/api.w.org\/{rel}","templated":true}]}}