{"id":3317,"date":"2017-04-03T22:09:37","date_gmt":"2017-04-04T03:09:37","guid":{"rendered":"http:\/\/www.inter-accion.com.mx\/?p=3317"},"modified":"2017-04-03T22:09:37","modified_gmt":"2017-04-04T03:09:37","slug":"protestan-periodistas-en-la-autopista-del-sol","status":"publish","type":"post","link":"https:\/\/www.interaccionnoticias.com.mx\/?p=3317","title":{"rendered":"Protestan periodistas en la Autopista del Sol"},"content":{"rendered":"<p><img loading=\"lazy\" decoding=\"async\" src=\"data:image\/gif;base64,R0lGODlhAQABAIAAAAAAAP\/\/\/ywAAAAAAQABAAACAUwAOw==\" fifu-lazy=\"1\" fifu-data-sizes=\"auto\" fifu-data-srcset=\"https:\/\/i2.wp.com\/www.inter-accion.com.mx\/wp-content\/uploads\/2017\/04\/3.jpg?ssl=1&w=75&resize=75&ssl=1 75w, https:\/\/i2.wp.com\/www.inter-accion.com.mx\/wp-content\/uploads\/2017\/04\/3.jpg?ssl=1&w=100&resize=100&ssl=1 100w, https:\/\/i2.wp.com\/www.inter-accion.com.mx\/wp-content\/uploads\/2017\/04\/3.jpg?ssl=1&w=150&resize=150&ssl=1 150w, https:\/\/i2.wp.com\/www.inter-accion.com.mx\/wp-content\/uploads\/2017\/04\/3.jpg?ssl=1&w=240&resize=240&ssl=1 240w, https:\/\/i2.wp.com\/www.inter-accion.com.mx\/wp-content\/uploads\/2017\/04\/3.jpg?ssl=1&w=320&resize=320&ssl=1 320w, https:\/\/i2.wp.com\/www.inter-accion.com.mx\/wp-content\/uploads\/2017\/04\/3.jpg?ssl=1&w=500&resize=500&ssl=1 500w, https:\/\/i2.wp.com\/www.inter-accion.com.mx\/wp-content\/uploads\/2017\/04\/3.jpg?ssl=1&w=640&resize=640&ssl=1 640w, https:\/\/i2.wp.com\/www.inter-accion.com.mx\/wp-content\/uploads\/2017\/04\/3.jpg?ssl=1&w=800&resize=800&ssl=1 800w, https:\/\/i2.wp.com\/www.inter-accion.com.mx\/wp-content\/uploads\/2017\/04\/3.jpg?ssl=1&w=1024&resize=1024&ssl=1 1024w, https:\/\/i2.wp.com\/www.inter-accion.com.mx\/wp-content\/uploads\/2017\/04\/3.jpg?ssl=1&w=1280&resize=1280&ssl=1 1280w, https:\/\/i2.wp.com\/www.inter-accion.com.mx\/wp-content\/uploads\/2017\/04\/3.jpg?ssl=1&w=1600&resize=1600&ssl=1 1600w\" class=\"alignleft size-full wp-image-3319\" fifu-data-src=\"https:\/\/i2.wp.com\/www.inter-accion.com.mx\/wp-content\/uploads\/2017\/04\/3.jpg?ssl=1\" alt=\"\" width=\"2000\" height=\"3000\"><br \/>\n<span style=\"font-weight: 400;\">Trabajadores de diferentes medios de comunicaci\u00f3n realizaron un filtro informativo en la entrada sur de Chilpancingo, sobre la Autopista del Sol para exigir justicia en los cr\u00edmenes cometidos contra varios de sus compa\u00f1eros.<\/span><br \/>\n<span style=\"font-weight: 400;\">Desde las 10:00 horas, los reporteros llegaron al punto conocido como El Parador del Marqu\u00e9s, en la parte sur de la ciudad para exhibir pancartas en las que exigen que se esclarezcan los asesinatos cometidos en contra de periodistas, ya que solo en Guerrero, durante los \u00faltimos 15 a\u00f1os se han registrado al menos 13 casos.<\/span><br \/>\n<span style=\"font-weight: 400;\">De abril de 2016 a marzo de 2017, en esta entidad fueron asesinados Francisco Pacheco Beltr\u00e1n y Cecilio Pineda Birto, reporteros de noticieros de radio y prensa escrita.<\/span><br \/>\n<span style=\"font-weight: 400;\">Pacheco Beltr\u00e1n fue ejecutado en Taxco de Alarc\u00f3n, en la regi\u00f3n Norte de Guerrero y Pineda Birto en Pungarabato, municipio ubicado en la Tierra Caliente. &nbsp;<\/span><br \/>\n<span style=\"font-weight: 400;\">La manifestaci\u00f3n dur\u00f3 por espacio de una hora, los comunicadores exigieron a los tres niveles de gobierno que haya las garant\u00edas para el ejercicio period\u00edstico en la entidad, dado que los actos de intimidaci\u00f3n son constantes.<\/span><br \/>\n<span style=\"font-weight: 400;\">La actividad culmin\u00f3 sin complicaciones, pese a que hubo un monitoreo por parte de personal de la Polic\u00eda Federal (PF) y del estado, los que siempre se mantuvieron a distancia.<\/span><br \/>\n<span style=\"font-weight: 400;\">La vialidad en la salida sur de Chilpancingo nunca se cerr\u00f3 completamente.<\/span><br \/>\n&nbsp;<\/p>\n","protected":false},"excerpt":{"rendered":"<p>Trabajadores de diferentes medios de comunicaci\u00f3n realizaron un filtro informativo en la entrada sur de Chilpancingo, sobre la Autopista del Sol para exigir justicia en los cr\u00edmenes cometidos contra varios&hellip; <\/p>\n","protected":false},"author":1,"featured_media":0,"comment_status":"open","ping_status":"open","sticky":false,"template":"","format":"standard","meta":{"fifu_image_url":"","fifu_image_alt":"","footnotes":""},"categories":[8,29],"tags":[],"class_list":["post-3317","post","type-post","status-publish","format-standard","hentry","category-featured","category-sociedad"],"_links":{"self":[{"href":"https:\/\/www.interaccionnoticias.com.mx\/index.php?rest_route=\/wp\/v2\/posts\/3317","targetHints":{"allow":["GET"]}}],"collection":[{"href":"https:\/\/www.interaccionnoticias.com.mx\/index.php?rest_route=\/wp\/v2\/posts"}],"about":[{"href":"https:\/\/www.interaccionnoticias.com.mx\/index.php?rest_route=\/wp\/v2\/types\/post"}],"author":[{"embeddable":true,"href":"https:\/\/www.interaccionnoticias.com.mx\/index.php?rest_route=\/wp\/v2\/users\/1"}],"replies":[{"embeddable":true,"href":"https:\/\/www.interaccionnoticias.com.mx\/index.php?rest_route=%2Fwp%2Fv2%2Fcomments&post=3317"}],"version-history":[{"count":0,"href":"https:\/\/www.interaccionnoticias.com.mx\/index.php?rest_route=\/wp\/v2\/posts\/3317\/revisions"}],"wp:attachment":[{"href":"https:\/\/www.interaccionnoticias.com.mx\/index.php?rest_route=%2Fwp%2Fv2%2Fmedia&parent=3317"}],"wp:term":[{"taxonomy":"category","embeddable":true,"href":"https:\/\/www.interaccionnoticias.com.mx\/index.php?rest_route=%2Fwp%2Fv2%2Fcategories&post=3317"},{"taxonomy":"post_tag","embeddable":true,"href":"https:\/\/www.interaccionnoticias.com.mx\/index.php?rest_route=%2Fwp%2Fv2%2Ftags&post=3317"}],"curies":[{"name":"wp","href":"https:\/\/api.w.org\/{rel}","templated":true}]}}