{"id":3311,"date":"2017-04-03T22:05:18","date_gmt":"2017-04-04T03:05:18","guid":{"rendered":"http:\/\/www.inter-accion.com.mx\/?p=3311"},"modified":"2017-04-03T22:05:18","modified_gmt":"2017-04-04T03:05:18","slug":"joven-banda-de-big-band-anuncia-presentacion-en-auditorio-sentimientos-de-la-nacion","status":"publish","type":"post","link":"https:\/\/www.interaccionnoticias.com.mx\/?p=3311","title":{"rendered":"Joven banda de Big Band anuncia presentaci\u00f3n en auditorio Sentimientos de la Naci\u00f3n"},"content":{"rendered":"<p><span style=\"font-weight: 400;\"> A siete meses de su fundaci\u00f3n, el proyecto musical Big Band \u2018Mi Tierra Jazz\u2019, conformado en su mayor\u00eda por menores de edad y bajo el mando del maestro Paco Nieves, anunci\u00f3 su presentaci\u00f3n para el pr\u00f3ximo s\u00e1bado en las instalaciones del Auditorio Estatal Sentimientos de la Naci\u00f3n en Chilpancingo.<\/span><br \/>\n<span style=\"font-weight: 400;\">El proyecto, seg\u00fan dijo Paco Nieves, es de los dos m\u00e1s representativos a nivel estatal, tomando en cuenta que ya existe el Coro y Orquesta Infantil y Juvenil Renacimiento, adem\u00e1s que a nivel nacional es el \u00fanico en su tipo.<\/span><br \/>\n<span style=\"font-weight: 400;\">Hace 7 meses se public\u00f3 la convocatoria para la conformaci\u00f3n del grupo, que actualmente cuenta con 24 elementos, entre ni\u00f1os y j\u00f3venes de 10 a 20 a\u00f1os, bajo la premisa de impulsar el talento de los menores de edad, ante la falta de oportunidades de las autoridades municipales y estatales. &nbsp;&nbsp;<\/span><br \/>\n<span style=\"font-weight: 400;\">El show est\u00e1 programado para realizarse en una hora y media, el pr\u00f3ximo jueves en el Auditorio Sentimientos de la Naci\u00f3n, con la presentaci\u00f3n del maestro Ernesto Ramos, director de la Big Band Jazz de M\u00e9xico y la compa\u00f1\u00eda de baile Coraz\u00f3n Latino.<\/span><br \/>\n<span style=\"font-weight: 400;\">\u201cHace falta m\u00e1s conciencia, tanto como del gobierno como de la propia sociedad, cambiar nuestra visi\u00f3n de vida\u2026 tambi\u00e9n por medio de la m\u00fasica y el arte podemos inculcar los valores, aprender a convivir, a respetarse, que se quieran como compa\u00f1eros\u201d, precis\u00f3 el maestro, Paco Nieves.<\/span><br \/>\n&nbsp;<\/p>\n","protected":false},"excerpt":{"rendered":"<p>A siete meses de su fundaci\u00f3n, el proyecto musical Big Band \u2018Mi Tierra Jazz\u2019, conformado en su mayor\u00eda por menores de edad y bajo el mando del maestro Paco Nieves,&hellip; <\/p>\n","protected":false},"author":1,"featured_media":0,"comment_status":"open","ping_status":"open","sticky":false,"template":"","format":"standard","meta":{"fifu_image_url":"","fifu_image_alt":"","footnotes":""},"categories":[8,29],"tags":[],"class_list":["post-3311","post","type-post","status-publish","format-standard","hentry","category-featured","category-sociedad"],"_links":{"self":[{"href":"https:\/\/www.interaccionnoticias.com.mx\/index.php?rest_route=\/wp\/v2\/posts\/3311","targetHints":{"allow":["GET"]}}],"collection":[{"href":"https:\/\/www.interaccionnoticias.com.mx\/index.php?rest_route=\/wp\/v2\/posts"}],"about":[{"href":"https:\/\/www.interaccionnoticias.com.mx\/index.php?rest_route=\/wp\/v2\/types\/post"}],"author":[{"embeddable":true,"href":"https:\/\/www.interaccionnoticias.com.mx\/index.php?rest_route=\/wp\/v2\/users\/1"}],"replies":[{"embeddable":true,"href":"https:\/\/www.interaccionnoticias.com.mx\/index.php?rest_route=%2Fwp%2Fv2%2Fcomments&post=3311"}],"version-history":[{"count":0,"href":"https:\/\/www.interaccionnoticias.com.mx\/index.php?rest_route=\/wp\/v2\/posts\/3311\/revisions"}],"wp:attachment":[{"href":"https:\/\/www.interaccionnoticias.com.mx\/index.php?rest_route=%2Fwp%2Fv2%2Fmedia&parent=3311"}],"wp:term":[{"taxonomy":"category","embeddable":true,"href":"https:\/\/www.interaccionnoticias.com.mx\/index.php?rest_route=%2Fwp%2Fv2%2Fcategories&post=3311"},{"taxonomy":"post_tag","embeddable":true,"href":"https:\/\/www.interaccionnoticias.com.mx\/index.php?rest_route=%2Fwp%2Fv2%2Ftags&post=3311"}],"curies":[{"name":"wp","href":"https:\/\/api.w.org\/{rel}","templated":true}]}}