{"id":3302,"date":"2017-04-03T15:40:02","date_gmt":"2017-04-03T20:40:02","guid":{"rendered":"http:\/\/www.inter-accion.com.mx\/?p=3302"},"modified":"2017-04-03T15:40:02","modified_gmt":"2017-04-03T20:40:02","slug":"bloquean-padres-de-familia-en-zihuatanejo","status":"publish","type":"post","link":"https:\/\/www.interaccionnoticias.com.mx\/?p=3302","title":{"rendered":"Bloquean padres de familia en Zihuatanejo"},"content":{"rendered":"<p>*Faltan docentes de matem\u00e1ticas y qu\u00edmica<br \/>\n*Paran labores en la zona escolar 07<br \/>\n&nbsp;<br \/>\nAcapulco, Gro.- Maestros, padres de familia y alumnos, pararon labores en la escuela Secundaria T\u00e9cnica \u201cVicente Guerrero\u201d, realizan bloqueos intermitentes sobre la carretera federal Acapulco-Zihuatanejo.<br \/>\nCon cartulinas se\u00f1alan \u201cApoyamos el paro laboral por la carencia de maestros\u201d, \u201cExigimos pronta soluci\u00f3n a nuestros problemas\u201d, \u201cParo laboral por la falta de personal docente en la zona escolar 07\u201d, y una m\u00e1s que reza \u201cExigimos maestros para las materias de Qu\u00edmica y Matem\u00e1ticas\u201d.<br \/>\nLos manifestantes, encabezados por Yazm\u00edn Garc\u00eda Ben\u00edtez, secretaria del Comit\u00e9 de Padres de Familia de la escuela secundaria \u201cVicente Guerrero\u201d, desde las ocho de la ma\u00f1ana tomaron la carretera federal Acapulco Zihuatanejo, ante la constante falta de maestros.<br \/>\n\u201cVenimos a apoyar el paro laboral, porque desgraciadamente nos faltan muchos maestros y tenemos ni\u00f1os de tercer a\u00f1o y les falta la materia de Qu\u00edmica, y necesitamos que lleven esos conocimientos.<br \/>\n\u201cSe ha solicitado (a la Secretar\u00eda de Educaci\u00f3n Guerrero los maestros), pero no nos han dado respuesta. Ya son incontables los oficios que se han entregado y no nos han dado ninguna respuesta, los afectados son los ni\u00f1os\u201d, reproch\u00f3 la madres de familia, Yazmin Garc\u00eda.<br \/>\nAseguran que el ciclo escolar ya va a terminar y los alumnos de la secundaria, carecen de maestros de electricidad, matem\u00e1ticas, qu\u00edmica, y por ello los padres de familia y personal docente reclaman a las autoridades de la Secretar\u00eda de Educaci\u00f3n Guerrero, la deficiencia en el aprendizaje.<\/p>\n","protected":false},"excerpt":{"rendered":"<p>*Faltan docentes de matem\u00e1ticas y qu\u00edmica *Paran labores en la zona escolar 07 &nbsp; Acapulco, Gro.- Maestros, padres de familia y alumnos, pararon labores en la escuela Secundaria T\u00e9cnica \u201cVicente&hellip; <\/p>\n","protected":false},"author":1,"featured_media":0,"comment_status":"open","ping_status":"open","sticky":false,"template":"","format":"standard","meta":{"fifu_image_url":"","fifu_image_alt":"","footnotes":""},"categories":[6,8],"tags":[],"class_list":["post-3302","post","type-post","status-publish","format-standard","hentry","category-educacion","category-featured"],"_links":{"self":[{"href":"https:\/\/www.interaccionnoticias.com.mx\/index.php?rest_route=\/wp\/v2\/posts\/3302","targetHints":{"allow":["GET"]}}],"collection":[{"href":"https:\/\/www.interaccionnoticias.com.mx\/index.php?rest_route=\/wp\/v2\/posts"}],"about":[{"href":"https:\/\/www.interaccionnoticias.com.mx\/index.php?rest_route=\/wp\/v2\/types\/post"}],"author":[{"embeddable":true,"href":"https:\/\/www.interaccionnoticias.com.mx\/index.php?rest_route=\/wp\/v2\/users\/1"}],"replies":[{"embeddable":true,"href":"https:\/\/www.interaccionnoticias.com.mx\/index.php?rest_route=%2Fwp%2Fv2%2Fcomments&post=3302"}],"version-history":[{"count":0,"href":"https:\/\/www.interaccionnoticias.com.mx\/index.php?rest_route=\/wp\/v2\/posts\/3302\/revisions"}],"wp:attachment":[{"href":"https:\/\/www.interaccionnoticias.com.mx\/index.php?rest_route=%2Fwp%2Fv2%2Fmedia&parent=3302"}],"wp:term":[{"taxonomy":"category","embeddable":true,"href":"https:\/\/www.interaccionnoticias.com.mx\/index.php?rest_route=%2Fwp%2Fv2%2Fcategories&post=3302"},{"taxonomy":"post_tag","embeddable":true,"href":"https:\/\/www.interaccionnoticias.com.mx\/index.php?rest_route=%2Fwp%2Fv2%2Ftags&post=3302"}],"curies":[{"name":"wp","href":"https:\/\/api.w.org\/{rel}","templated":true}]}}