{"id":32985,"date":"2021-04-05T18:00:00","date_gmt":"2021-04-05T23:00:00","guid":{"rendered":"http:\/\/www.inter-accion.com.mx\/?p=32985"},"modified":"2021-04-05T18:00:00","modified_gmt":"2021-04-05T23:00:00","slug":"32985","status":"publish","type":"post","link":"https:\/\/www.interaccionnoticias.com.mx\/?p=32985","title":{"rendered":"Encabeza el municipio jornada de limpieza en andador Emiliano Zapata"},"content":{"rendered":"\n<p><strong>CHILPANCINGO, Gro., 5 de abril de 2021.\u2014<\/strong> Con la finalidad de cumplir con las normas sanitarias ante la pandemia generada por el COVID-19, el Ayuntamiento de Chilpancingo, presidido por Antonio Gaspar Beltr\u00e1n, a trav\u00e9s de la Direcci\u00f3n de Gobernaci\u00f3n Municipal en coordinaci\u00f3n con los comerciantes del andador \u00abEmiliano Zapata\u00bb llevaron a cabo la limpieza de esa zona comercial.<\/p>\n\n\n\n<p>Desde temprana hora y de manera organizada, personal del Ayuntamiento y comerciantes comenzaron con la limpieza y desinfecci\u00f3n del andador \u201clo que lograr\u00e1 que los consumidores tengan mayor seguridad al acudir a realizar sus compras\u201d, asegur\u00f3 David, un vendedor de la zona.<\/p>\n\n\n\n<p>En esta actividad tambi\u00e9n participaron el secretario y el subsecretario de Servicios P\u00fablicos Municipales, Francisco Dimas Ortiz y Erik Brito Moreno, respectivamente, quienes se comprometieron a ser vigilantes de que los comerciantes no dejen la basura en las esquinas del andador, pues el cami\u00f3n recolector es puntual en esa zona.<\/p>\n\n\n\n<p>El encargado de la Direcci\u00f3n de Gobernaci\u00f3n Municipal, reconoci\u00f3 el inter\u00e9s de los comerciantes del andador Zapata por mantener las medidas sanitarias y su iniciativa de lavar y desinfectar los pasillos.<\/p>\n\n\n\n<p>De igual forma inform\u00f3 que continuar\u00e1 atendiendo la demanda ciudadana, en este caso, tanto la que llega de manera directa a las oficinas de Gobernaci\u00f3n Municipal como la que se ventila a trav\u00e9s de las redes sociales.<\/p>\n","protected":false},"excerpt":{"rendered":"<p>CHILPANCINGO, Gro., 5 de abril de 2021.\u2014 Con la finalidad de cumplir con las normas sanitarias ante la pandemia generada por el COVID-19, el Ayuntamiento de Chilpancingo, presidido por Antonio&hellip; <\/p>\n","protected":false},"author":1,"featured_media":32982,"comment_status":"open","ping_status":"open","sticky":false,"template":"","format":"standard","meta":{"fifu_image_url":"","fifu_image_alt":"","footnotes":""},"categories":[13],"tags":[56],"class_list":["post-32985","post","type-post","status-publish","format-standard","has-post-thumbnail","hentry","category-capital","tag-ayuntamiento-de-chilpancingo"],"_links":{"self":[{"href":"https:\/\/www.interaccionnoticias.com.mx\/index.php?rest_route=\/wp\/v2\/posts\/32985","targetHints":{"allow":["GET"]}}],"collection":[{"href":"https:\/\/www.interaccionnoticias.com.mx\/index.php?rest_route=\/wp\/v2\/posts"}],"about":[{"href":"https:\/\/www.interaccionnoticias.com.mx\/index.php?rest_route=\/wp\/v2\/types\/post"}],"author":[{"embeddable":true,"href":"https:\/\/www.interaccionnoticias.com.mx\/index.php?rest_route=\/wp\/v2\/users\/1"}],"replies":[{"embeddable":true,"href":"https:\/\/www.interaccionnoticias.com.mx\/index.php?rest_route=%2Fwp%2Fv2%2Fcomments&post=32985"}],"version-history":[{"count":0,"href":"https:\/\/www.interaccionnoticias.com.mx\/index.php?rest_route=\/wp\/v2\/posts\/32985\/revisions"}],"wp:featuredmedia":[{"embeddable":true,"href":"https:\/\/www.interaccionnoticias.com.mx\/index.php?rest_route=\/wp\/v2\/media\/32982"}],"wp:attachment":[{"href":"https:\/\/www.interaccionnoticias.com.mx\/index.php?rest_route=%2Fwp%2Fv2%2Fmedia&parent=32985"}],"wp:term":[{"taxonomy":"category","embeddable":true,"href":"https:\/\/www.interaccionnoticias.com.mx\/index.php?rest_route=%2Fwp%2Fv2%2Fcategories&post=32985"},{"taxonomy":"post_tag","embeddable":true,"href":"https:\/\/www.interaccionnoticias.com.mx\/index.php?rest_route=%2Fwp%2Fv2%2Ftags&post=32985"}],"curies":[{"name":"wp","href":"https:\/\/api.w.org\/{rel}","templated":true}]}}