{"id":32948,"date":"2021-04-04T18:58:00","date_gmt":"2021-04-04T23:58:00","guid":{"rendered":"http:\/\/www.inter-accion.com.mx\/?p=32948"},"modified":"2021-04-04T18:58:00","modified_gmt":"2021-04-04T23:58:00","slug":"32948","status":"publish","type":"post","link":"https:\/\/www.interaccionnoticias.com.mx\/?p=32948","title":{"rendered":"Familia llega al Cama arena Resort en Acapulco"},"content":{"rendered":"\n<p><br><strong><em>&#8211; La Secretar\u00eda de Seguridad los invita a retirarse<\/em><\/strong><br><br><strong>Javier Trujillo<\/strong><br><br><strong>Acapulcos, Gro. \u2013<\/strong> El fin de semana en la playa de caleta en la bah\u00eda de Acapulco, fue desalojada una familia de la de la franja de arena, quienes hab\u00edan instalado dos casas de campa\u00f1a para pernoctar.<br>El fin de semana, es decir viernes, s\u00e1bado y domingo, autoridades federales, estatales y municipales, giraron indicaciones para evitar que una familia de turista se instale en el Cama arena Resort.<br>No obstante, con base a las indicaciones, elementos de la Polic\u00eda Tur\u00edstica de la Secretar\u00eda de Seguridad P\u00fablica (SSP) de Acapulco invitaron a trav\u00e9s del di\u00e1logo para que una familia de turistas acatase la medida.<br>Tambi\u00e9n se les inform\u00f3 que por disposici\u00f3n de las autoridades en sus tres \u00f3rdenes de gobierno estaba prohibido acampar.<br>Se les indic\u00f3 que en apego a las medidas sanitarias para evitar contagios de Covid-19, los agentes de la Polic\u00eda de Acapulco impiden que turistas acampen en la franja de arena de las playas.<br>La prohibici\u00f3n de acampar forma parte de los protocolos para evitar que se disparen los casos de Coronavirus durante Semana Santa, los cuales fueron se\u00f1alados en el Peri\u00f3dico Oficial del Gobierno del estado de Guerrero, como parte de la fase amarilla del sem\u00e1foro de riesgo epidemiol\u00f3gico.<\/p>\n","protected":false},"excerpt":{"rendered":"<p>&#8211; La Secretar\u00eda de Seguridad los invita a retirarse Javier Trujillo Acapulcos, Gro. \u2013 El fin de semana en la playa de caleta en la bah\u00eda de Acapulco, fue desalojada&hellip; <\/p>\n","protected":false},"author":1,"featured_media":32949,"comment_status":"open","ping_status":"open","sticky":false,"template":"","format":"standard","meta":{"fifu_image_url":"","fifu_image_alt":"","footnotes":""},"categories":[23],"tags":[38,186],"class_list":["post-32948","post","type-post","status-publish","format-standard","has-post-thumbnail","hentry","category-regionales","tag-acapulco","tag-turismo"],"_links":{"self":[{"href":"https:\/\/www.interaccionnoticias.com.mx\/index.php?rest_route=\/wp\/v2\/posts\/32948","targetHints":{"allow":["GET"]}}],"collection":[{"href":"https:\/\/www.interaccionnoticias.com.mx\/index.php?rest_route=\/wp\/v2\/posts"}],"about":[{"href":"https:\/\/www.interaccionnoticias.com.mx\/index.php?rest_route=\/wp\/v2\/types\/post"}],"author":[{"embeddable":true,"href":"https:\/\/www.interaccionnoticias.com.mx\/index.php?rest_route=\/wp\/v2\/users\/1"}],"replies":[{"embeddable":true,"href":"https:\/\/www.interaccionnoticias.com.mx\/index.php?rest_route=%2Fwp%2Fv2%2Fcomments&post=32948"}],"version-history":[{"count":0,"href":"https:\/\/www.interaccionnoticias.com.mx\/index.php?rest_route=\/wp\/v2\/posts\/32948\/revisions"}],"wp:featuredmedia":[{"embeddable":true,"href":"https:\/\/www.interaccionnoticias.com.mx\/index.php?rest_route=\/wp\/v2\/media\/32949"}],"wp:attachment":[{"href":"https:\/\/www.interaccionnoticias.com.mx\/index.php?rest_route=%2Fwp%2Fv2%2Fmedia&parent=32948"}],"wp:term":[{"taxonomy":"category","embeddable":true,"href":"https:\/\/www.interaccionnoticias.com.mx\/index.php?rest_route=%2Fwp%2Fv2%2Fcategories&post=32948"},{"taxonomy":"post_tag","embeddable":true,"href":"https:\/\/www.interaccionnoticias.com.mx\/index.php?rest_route=%2Fwp%2Fv2%2Ftags&post=32948"}],"curies":[{"name":"wp","href":"https:\/\/api.w.org\/{rel}","templated":true}]}}