{"id":32891,"date":"2021-04-01T17:05:00","date_gmt":"2021-04-01T23:05:00","guid":{"rendered":"http:\/\/www.inter-accion.com.mx\/?p=32891"},"modified":"2021-04-01T17:05:00","modified_gmt":"2021-04-01T23:05:00","slug":"32891","status":"publish","type":"post","link":"https:\/\/www.interaccionnoticias.com.mx\/?p=32891","title":{"rendered":"\u201cPartidos pol\u00edticos se pasan por el Arco del Triunfo las medidas sanitarias\u201d, reprocha el obispo de Chilpancingo"},"content":{"rendered":"\n<p><strong><em>&#8211; Pide que haya un ejercicio de reflexi\u00f3n en torno al riesgo que representan las marchas y concentraciones masivas<br>&#8211; Reitera la suspensi\u00f3n de actividades con grandes concentraciones de personas, en lo que resta de Semana Santa<\/em><\/strong><br><br><strong>Vianey Ponce<br><\/strong><br>El obispo de la di\u00f3cesis Chilpancingo-Chilapa Salvador Rangel Mendoza reproch\u00f3 el hecho de que los partidos pol\u00edticos \u201cse pasen por el Arco del Triunfo\u201d las medidas encaminadas a evitar la propagaci\u00f3n del Covid-19 y de manera constante realicen marchas y concentraciones masivas, lo que pone en riesgo la salud de la poblaci\u00f3n.<br>Rangel Mendoza record\u00f3 que los cinco obispos de esta entidad federativa se mantienen en la postura de apoyar las medidas implementadas por las autoridades sanitarias, en la lucha por la erradicaci\u00f3n de la pandemia, que a nivel nacional ha matado a m\u00e1s de 200 mil personas.<br>Como prueba de ello, destac\u00f3 que se ha tomado la decisi\u00f3n de suspender las grandes procesiones, que para estas fechas se desarrollaban de manera multitudinaria en Taxco de Alarc\u00f3n, por mencionar un caso.<br>\u201cPedimos que ya no se hagan, porque Taxco es una de las ciudades m\u00e1s contaminadas y no queremos que se contamine la gente, ni que los sacerdotes vayan a contaminar a los dem\u00e1s\u201d, destac\u00f3.<br>Record\u00f3 que en los \u00faltimos d\u00edas se registr\u00f3 la muerte de dos sacerdotes en la ciudad colonial, en tanto que hay otro m\u00e1s que sobrevivi\u00f3, pero que se encuentra severamente afectado en su salud.<br>Las actividades del viernes santo y del s\u00e1bado de gloria tambi\u00e9n fueron suspendidas, aunque las ceremonias se van a desarrollar de manera virtual, para cuidar la salud de los feligreses.<br>Rangel Mendoza admiti\u00f3 que Guerrero es uno de los estados m\u00e1s religiosos del pa\u00eds, de tal manera que para la iglesia cat\u00f3lica ha representado un verdadero esfuerzo implementar acciones encaminadas a contener los contagios de Covid-19.<br>El jefe religioso coment\u00f3 que contrario al esfuerzo que se realizan en diferentes sectores, los partidos pol\u00edticos van en una ruta completamente diferente: \u201cpues han quebrantado las medidas sanitarias y como dicen en mi pueblo; se las pasan por el Arco del Triunfo\u201d.<br>Reproch\u00f3 que mientras a los eventos religiosos s\u00ed se les monitorea desde las autoridades gubernamentales, a las concentraciones no se les da la importancia que se requiere.<br>Es en esa parte donde record\u00f3 una frase popular que asegura, encaja muy bien en el tema: \u201cYo recuerdo un refr\u00e1n que dec\u00eda; h\u00e1gase la voluntad de Dios, en los bueyes de mi compadre\u201d.<br>Indic\u00f3 que la Iglesia s\u00ed ha sido disciplinada, pero reproch\u00f3 que no se act\u00faa del mismo modo hacia las actividades pol\u00edticas, incluso en el caso de la actividad comercial tambi\u00e9n suele haber mucha tolerancia, como prueba de ello cit\u00f3 el caso del mercado central y la calle 21 de marzo, en la que asegur\u00f3 que \u201cno cabe ni un alfiler\u201d.<br>Rangel record\u00f3 que solo en la Di\u00f3cesis Chilpancingo-Chilapa hay por lo menos ocho sacerdotes muertos a causa de la pandemia, sin que se tenga hasta el momento un registro global de los ministros de culto que han muerto a causa del virus.<br>Salvador Rangel Mendoza consider\u00f3 que la Semana Santa representa una coyuntura importante para propiciar la reflexi\u00f3n, el dialogo y la reconciliaci\u00f3n entre los seres humanos.<\/p>\n","protected":false},"excerpt":{"rendered":"<p>&#8211; Pide que haya un ejercicio de reflexi\u00f3n en torno al riesgo que representan las marchas y concentraciones masivas&#8211; Reitera la suspensi\u00f3n de actividades con grandes concentraciones de personas, en&hellip; <\/p>\n","protected":false},"author":1,"featured_media":32892,"comment_status":"open","ping_status":"open","sticky":false,"template":"","format":"standard","meta":{"fifu_image_url":"","fifu_image_alt":"","footnotes":""},"categories":[3],"tags":[],"class_list":["post-32891","post","type-post","status-publish","format-standard","has-post-thumbnail","hentry","category-covid-19"],"_links":{"self":[{"href":"https:\/\/www.interaccionnoticias.com.mx\/index.php?rest_route=\/wp\/v2\/posts\/32891","targetHints":{"allow":["GET"]}}],"collection":[{"href":"https:\/\/www.interaccionnoticias.com.mx\/index.php?rest_route=\/wp\/v2\/posts"}],"about":[{"href":"https:\/\/www.interaccionnoticias.com.mx\/index.php?rest_route=\/wp\/v2\/types\/post"}],"author":[{"embeddable":true,"href":"https:\/\/www.interaccionnoticias.com.mx\/index.php?rest_route=\/wp\/v2\/users\/1"}],"replies":[{"embeddable":true,"href":"https:\/\/www.interaccionnoticias.com.mx\/index.php?rest_route=%2Fwp%2Fv2%2Fcomments&post=32891"}],"version-history":[{"count":0,"href":"https:\/\/www.interaccionnoticias.com.mx\/index.php?rest_route=\/wp\/v2\/posts\/32891\/revisions"}],"wp:featuredmedia":[{"embeddable":true,"href":"https:\/\/www.interaccionnoticias.com.mx\/index.php?rest_route=\/wp\/v2\/media\/32892"}],"wp:attachment":[{"href":"https:\/\/www.interaccionnoticias.com.mx\/index.php?rest_route=%2Fwp%2Fv2%2Fmedia&parent=32891"}],"wp:term":[{"taxonomy":"category","embeddable":true,"href":"https:\/\/www.interaccionnoticias.com.mx\/index.php?rest_route=%2Fwp%2Fv2%2Fcategories&post=32891"},{"taxonomy":"post_tag","embeddable":true,"href":"https:\/\/www.interaccionnoticias.com.mx\/index.php?rest_route=%2Fwp%2Fv2%2Ftags&post=32891"}],"curies":[{"name":"wp","href":"https:\/\/api.w.org\/{rel}","templated":true}]}}