{"id":32881,"date":"2021-04-01T15:52:00","date_gmt":"2021-04-01T21:52:00","guid":{"rendered":"http:\/\/www.inter-accion.com.mx\/?p=32881"},"modified":"2021-04-01T15:52:00","modified_gmt":"2021-04-01T21:52:00","slug":"32881","status":"publish","type":"post","link":"https:\/\/www.interaccionnoticias.com.mx\/?p=32881","title":{"rendered":"En riesgo la alianza PRI-PRD en Acapulco"},"content":{"rendered":"\n<p><strong><em>Grupos de Evodio Vel\u00e1zquez exigen que sea V\u00edctor Aguirre\u00a0<br><\/em><\/strong>\u00a0<br><strong>Javier Trujillo<br><\/strong>\u00a0<br><strong>Acapulco, Gro. \u2013<\/strong> Integrantes de las tribus del PRD que apoyan al candidato V\u00edctor Aguirre Alcaide, advierten del riesgo de romper la alianza PRI-PRD en Acapulco, de concretarse la imposici\u00f3n del candidato del PRI Ricardo Taja Ram\u00edrez.\u00a0<br>A la conferencia de prensa, asistieron l\u00edderes del PRD cercanos al exalcalde de Acapulco, Evodio Vel\u00e1zquez Aguirre, y del exgobernador \u00c1ngel Heladio Aguirre Rivero, ah\u00ed el docente y vocero de la CETEG, F\u00e9lix Moreno Peralta, dio lectura al posicionamiento del grupo pol\u00edtico.\u00a0<br>\u201cAnte una eventual imposici\u00f3n en la coalici\u00f3n PRI-PRD a la alcald\u00eda de Acapulco las organizaciones sociales, diferentes sectores de la sociedad civil y la base social que impulsa la candidatura de V\u00edctor Aguirre Alcaide. \u00a0<br>\u201cEn Acapulco no permitiremos que esto suceda y que se atrevan a imponer un candidato que no est\u00e9 de acuerdo a las actuales circunstancias\u201d, expres\u00f3 el cetegista, integrado a la estructura.\u00a0<br>En seguida remarc\u00f3 que el escenario actual en la entidad, es muy complejo y dif\u00edcil, y alert\u00f3 que se puede romper el hilo por lo m\u00e1s delgado, y advierte \u201cse puede convulsionar\u201d el estado de Guerrero, si no se guardan los contrapesos y pesos pol\u00edticos en la designaci\u00f3n de candidatos.\u00a0<br>Moreno Peralta, flanqueado de l\u00edderes perredistas, insisti\u00f3 en que no permitir\u00e1n que eso suceda, y se atrevan a imponer a un candidato, pues no aceptaran m\u00e1s imposiciones de \u201cnuestros aliados\u201d.\u00a0<br>Advierte, que de continuar las imposiciones ponen en riesgo que esta alianza que se ha venido construyendo podr\u00e1 ponerse en riesgo, por la tardanza en la designaci\u00f3n del candidato de la alianza PRI y PRD.\u00a0<br>El portavoz del grupo pol\u00edtico de Evodio Vel\u00e1zquez, F\u00e9lix Moreno Peralta, dijo que, ante las malas experiencias de las encuestadoras nacionales, se debe considerar la p\u00e9rdida de confianza de los resultados del pasado reciente de la encuesta a la gubernatura al estado de Guerrero.\u00a0<br>Al acto asistieron militantes simpatizantes, organizaciones sociales, transportistas, empresarios y de la sociedad civil, para reitera que \u201cno aceptaremos m\u00e1s imposiciones de nuestros aliados\u201d, por lo que exigen una respuesta inmediata y se oficialice la candidatura de V\u00edctor Aguirre Alcaide en acapulco.<\/p>\n","protected":false},"excerpt":{"rendered":"<p>Grupos de Evodio Vel\u00e1zquez exigen que sea V\u00edctor Aguirre\u00a0\u00a0Javier Trujillo\u00a0Acapulco, Gro. \u2013 Integrantes de las tribus del PRD que apoyan al candidato V\u00edctor Aguirre Alcaide, advierten del riesgo de romper&hellip; <\/p>\n","protected":false},"author":1,"featured_media":32882,"comment_status":"open","ping_status":"open","sticky":false,"template":"","format":"standard","meta":{"fifu_image_url":"","fifu_image_alt":"","footnotes":""},"categories":[25],"tags":[38,165],"class_list":["post-32881","post","type-post","status-publish","format-standard","has-post-thumbnail","hentry","category-ruta-2021","tag-acapulco","tag-pri-prd"],"_links":{"self":[{"href":"https:\/\/www.interaccionnoticias.com.mx\/index.php?rest_route=\/wp\/v2\/posts\/32881","targetHints":{"allow":["GET"]}}],"collection":[{"href":"https:\/\/www.interaccionnoticias.com.mx\/index.php?rest_route=\/wp\/v2\/posts"}],"about":[{"href":"https:\/\/www.interaccionnoticias.com.mx\/index.php?rest_route=\/wp\/v2\/types\/post"}],"author":[{"embeddable":true,"href":"https:\/\/www.interaccionnoticias.com.mx\/index.php?rest_route=\/wp\/v2\/users\/1"}],"replies":[{"embeddable":true,"href":"https:\/\/www.interaccionnoticias.com.mx\/index.php?rest_route=%2Fwp%2Fv2%2Fcomments&post=32881"}],"version-history":[{"count":0,"href":"https:\/\/www.interaccionnoticias.com.mx\/index.php?rest_route=\/wp\/v2\/posts\/32881\/revisions"}],"wp:featuredmedia":[{"embeddable":true,"href":"https:\/\/www.interaccionnoticias.com.mx\/index.php?rest_route=\/wp\/v2\/media\/32882"}],"wp:attachment":[{"href":"https:\/\/www.interaccionnoticias.com.mx\/index.php?rest_route=%2Fwp%2Fv2%2Fmedia&parent=32881"}],"wp:term":[{"taxonomy":"category","embeddable":true,"href":"https:\/\/www.interaccionnoticias.com.mx\/index.php?rest_route=%2Fwp%2Fv2%2Fcategories&post=32881"},{"taxonomy":"post_tag","embeddable":true,"href":"https:\/\/www.interaccionnoticias.com.mx\/index.php?rest_route=%2Fwp%2Fv2%2Ftags&post=32881"}],"curies":[{"name":"wp","href":"https:\/\/api.w.org\/{rel}","templated":true}]}}