{"id":3287,"date":"2017-04-03T12:43:32","date_gmt":"2017-04-03T17:43:32","guid":{"rendered":"http:\/\/www.inter-accion.com.mx\/?p=3287"},"modified":"2017-04-03T12:43:32","modified_gmt":"2017-04-03T17:43:32","slug":"trabajadores-de-diferentes-medios-de-comunicacion-realizaron-un-filtro-informativo-en-la-entrada-sur-de-chilpancingo-sobre-la-autopista-del-sol","status":"publish","type":"post","link":"https:\/\/www.interaccionnoticias.com.mx\/?p=3287","title":{"rendered":"Trabajadores de diferentes medios de comunicaci\u00f3n realizaron un filtro informativo en la entrada sur de Chilpancingo, sobre la Autopista del Sol."},"content":{"rendered":"<p>Desde las 10:00 horas, los reporteros llegaron al punto conocido como El Parador del Marqu\u00e9s, en la parte sur de la ciudad para exhibir pancartas en las que exigen que se esclarezcan los asesinatos cometidos en contra de periodistas, ya que solo en Guerrero, durante los \u00faltimos 15 a\u00f1os se han registrado al menos 13 casos.<br \/>\nEn de abril de 2016 a marzo de 2017, en esta entidad fueron asesindos Francisco Pacheco Beltr\u00e1n y Cecilio Pineda Birto, reporteros de noticieros de radio y prensa escrita.<br \/>\nLa manifestaci\u00f3n dur\u00f3 por espacio de una hora, los period\u00edstas exigieron a los tres niveles de gobierno que haya las garant\u00edas para el ejercicio period\u00edstico en la entidad, dado que los actos de intimidaci\u00f3n son constantes.<br \/>\nLa actividad culmin\u00f3 sin complicaciones, pese a que hubo un monitoreo por parte de personal de la Polic\u00eda Federal (PF).<\/p>\n","protected":false},"excerpt":{"rendered":"<p>Desde las 10:00 horas, los reporteros llegaron al punto conocido como El Parador del Marqu\u00e9s, en la parte sur de la ciudad para exhibir pancartas en las que exigen que&hellip; <\/p>\n","protected":false},"author":1,"featured_media":0,"comment_status":"open","ping_status":"open","sticky":false,"template":"","format":"standard","meta":{"fifu_image_url":"","fifu_image_alt":"","footnotes":""},"categories":[8,15],"tags":[],"class_list":["post-3287","post","type-post","status-publish","format-standard","hentry","category-featured","category-movimientos-sociales"],"_links":{"self":[{"href":"https:\/\/www.interaccionnoticias.com.mx\/index.php?rest_route=\/wp\/v2\/posts\/3287","targetHints":{"allow":["GET"]}}],"collection":[{"href":"https:\/\/www.interaccionnoticias.com.mx\/index.php?rest_route=\/wp\/v2\/posts"}],"about":[{"href":"https:\/\/www.interaccionnoticias.com.mx\/index.php?rest_route=\/wp\/v2\/types\/post"}],"author":[{"embeddable":true,"href":"https:\/\/www.interaccionnoticias.com.mx\/index.php?rest_route=\/wp\/v2\/users\/1"}],"replies":[{"embeddable":true,"href":"https:\/\/www.interaccionnoticias.com.mx\/index.php?rest_route=%2Fwp%2Fv2%2Fcomments&post=3287"}],"version-history":[{"count":0,"href":"https:\/\/www.interaccionnoticias.com.mx\/index.php?rest_route=\/wp\/v2\/posts\/3287\/revisions"}],"wp:attachment":[{"href":"https:\/\/www.interaccionnoticias.com.mx\/index.php?rest_route=%2Fwp%2Fv2%2Fmedia&parent=3287"}],"wp:term":[{"taxonomy":"category","embeddable":true,"href":"https:\/\/www.interaccionnoticias.com.mx\/index.php?rest_route=%2Fwp%2Fv2%2Fcategories&post=3287"},{"taxonomy":"post_tag","embeddable":true,"href":"https:\/\/www.interaccionnoticias.com.mx\/index.php?rest_route=%2Fwp%2Fv2%2Ftags&post=3287"}],"curies":[{"name":"wp","href":"https:\/\/api.w.org\/{rel}","templated":true}]}}