{"id":32861,"date":"2021-03-31T21:20:00","date_gmt":"2021-04-01T03:20:00","guid":{"rendered":"http:\/\/www.inter-accion.com.mx\/?p=32861"},"modified":"2021-03-31T21:20:00","modified_gmt":"2021-04-01T03:20:00","slug":"32861","status":"publish","type":"post","link":"https:\/\/www.interaccionnoticias.com.mx\/?p=32861","title":{"rendered":"Cuando las cosas se hacen mal, el pueblo se revela: Felipe de la Cruz"},"content":{"rendered":"\n<p><strong>Rosario Garc\u00eda Orozco<\/strong><br><br><strong>Chilpancingo, Gro., 31 de marzo del 2021.- <\/strong>El ex vocero de los padres de los 43 , Felipe de la Cruz justific\u00f3 la marcha de protesta en apoyo a F\u00e9lix Salgado Macedonio, \u201cporque cuando las cosas se hacen mal, el pueblo se revela\u201d.<br><br>El ex vocero del colectivo explic\u00f3 que la ciudadan\u00eda es cada vez m\u00e1s actuante y reclama los actos de injusticia, y calific\u00f3 de esa manera la actitud que tom\u00f3 el INE al c\u00e1ncelar la candidatura al ex senador con licencia.<br><br>\u201cHoy estamos viviendo momentos dif\u00edciles, entendemos la resistencia de quienes son los m\u00e1s perjudicados porque se han apoderado de los recursos del estado y del pa\u00eds, pero hoy la reacci\u00f3n de Guerrero al tratarle de quitar la candidatura a F\u00e9lix Salgado es fuerte y determinante\u201d, asegur\u00f3 De la Cruz.<br><br>En otro tema, sobre su aspiraci\u00f3n a ser diputado plurinominal por Morena, lo que le gener\u00f3 diversos se\u00f1alamientos en su contra, Felipe de la Cruz coment\u00f3 que es respetuoso de la determinaci\u00f3n de su partido, y que no tiene nada que reclamar.<br><br>\u201cEn una contienda como \u00e9sta hay muchos participantes, la decisi\u00f3n que hoy tom\u00f3 el partido creo que fue la correcta, posiblemente porque no encajo en el perfil que requieren\u201d, dijo el activista.<br><br>Anunci\u00f3 que ya no va a continuar en la vocer\u00eda del colectivo de los Padres de los 43 normalistas de Ayotzinapa desaparecidos en septiembre del 2014, pero s\u00ed seguir\u00e1 en la lucha social.<br><br>\u201cFormamos parte de las v\u00edctimas, porque mi hijo estuvo en esos hechos violentos y es sobreviviente de esa violencia, vamos a seguir en la lucha, porque los responsables de ese hecho deben ir a la c\u00e1rcel\u201d, finaliz\u00f3.<\/p>\n","protected":false},"excerpt":{"rendered":"<p>Rosario Garc\u00eda Orozco Chilpancingo, Gro., 31 de marzo del 2021.- El ex vocero de los padres de los 43 , Felipe de la Cruz justific\u00f3 la marcha de protesta en&hellip; <\/p>\n","protected":false},"author":1,"featured_media":32862,"comment_status":"open","ping_status":"open","sticky":false,"template":"","format":"standard","meta":{"fifu_image_url":"","fifu_image_alt":"","footnotes":""},"categories":[25],"tags":[92],"class_list":["post-32861","post","type-post","status-publish","format-standard","has-post-thumbnail","hentry","category-ruta-2021","tag-ex-vocero"],"_links":{"self":[{"href":"https:\/\/www.interaccionnoticias.com.mx\/index.php?rest_route=\/wp\/v2\/posts\/32861","targetHints":{"allow":["GET"]}}],"collection":[{"href":"https:\/\/www.interaccionnoticias.com.mx\/index.php?rest_route=\/wp\/v2\/posts"}],"about":[{"href":"https:\/\/www.interaccionnoticias.com.mx\/index.php?rest_route=\/wp\/v2\/types\/post"}],"author":[{"embeddable":true,"href":"https:\/\/www.interaccionnoticias.com.mx\/index.php?rest_route=\/wp\/v2\/users\/1"}],"replies":[{"embeddable":true,"href":"https:\/\/www.interaccionnoticias.com.mx\/index.php?rest_route=%2Fwp%2Fv2%2Fcomments&post=32861"}],"version-history":[{"count":0,"href":"https:\/\/www.interaccionnoticias.com.mx\/index.php?rest_route=\/wp\/v2\/posts\/32861\/revisions"}],"wp:featuredmedia":[{"embeddable":true,"href":"https:\/\/www.interaccionnoticias.com.mx\/index.php?rest_route=\/wp\/v2\/media\/32862"}],"wp:attachment":[{"href":"https:\/\/www.interaccionnoticias.com.mx\/index.php?rest_route=%2Fwp%2Fv2%2Fmedia&parent=32861"}],"wp:term":[{"taxonomy":"category","embeddable":true,"href":"https:\/\/www.interaccionnoticias.com.mx\/index.php?rest_route=%2Fwp%2Fv2%2Fcategories&post=32861"},{"taxonomy":"post_tag","embeddable":true,"href":"https:\/\/www.interaccionnoticias.com.mx\/index.php?rest_route=%2Fwp%2Fv2%2Ftags&post=32861"}],"curies":[{"name":"wp","href":"https:\/\/api.w.org\/{rel}","templated":true}]}}