{"id":32830,"date":"2021-03-31T18:36:00","date_gmt":"2021-04-01T00:36:00","guid":{"rendered":"http:\/\/www.inter-accion.com.mx\/?p=32830"},"modified":"2021-03-31T18:36:00","modified_gmt":"2021-04-01T00:36:00","slug":"32830","status":"publish","type":"post","link":"https:\/\/www.interaccionnoticias.com.mx\/?p=32830","title":{"rendered":"Los guerrerenses no quieren la confrontaci\u00f3n, dice el candidato de la coalici\u00f3n PRI-PRD"},"content":{"rendered":"\n<p><strong>&#8211; Mario Moreno manifiesta su respaldo a los \u00f3rganos electorales<\/strong><br><br><strong>Rogelio Agust\u00edn<\/strong><br><br>El candidato a la gubernatura de la coalici\u00f3n PRI-PRD, Mario Moreno Arcos sostuvo que la poblaci\u00f3n de Guerrero no le apuesta a la confrontaci\u00f3n y manifest\u00f3 su respaldo a los \u00f3rganos electorales, que tienen la responsabilidad de garantizar la conducci\u00f3n del proceso que se encuentra en marcha.<br>Moreno Arcos sostuvo que en los recorridos que ha realizado en las siete regiones, lo que encuentra es una inquietud muy clara por parte de los ciudadanos, que admiten que a diferencia de otros tiempos, Guerrero atraviesa un periodo de armon\u00eda.<br>\u201cLa gente quiere que se camine en la ruta de la paz, que avancemos en temas importantes como la seguridad, en donde se tienen resultados positivos y que incuso, en medio de la pandemia, se camine todav\u00eda m\u00e1s en la perspectiva de recuperar muchos empleos\u201d, anot\u00f3.<br>El dos veces alcalde de Chilpancingo, indic\u00f3 que se debe ponderar el inter\u00e9s de impulsar los peque\u00f1os y medianos negocios, para ello no se requiere del escenario de conflicto que indic\u00f3, \u201cparece que pretenden hacerlo algunos, pero que no van a tener \u00e9xito\u201d.<br>\u201cYo creo que esos llamados a la confrontaci\u00f3n no van a trascender, los guerrerenses vamos a mantenernos unidos, tratando de superar los efectos de la pandemia y no habr\u00e1n de seguir el camino hacia la confrontaci\u00f3n\u201d, anot\u00f3.<br>Destac\u00f3 que Guerrero no est\u00e1 en la disposici\u00f3n de seguir una lucha que podr\u00eda no tener fin, que parecer no tener buenos prop\u00f3sitos.<br>Indic\u00f3 que en estos momentos, se tiene claro que la democracia se integra con todos los sectores de la poblaci\u00f3n, no con solo un personaje o una sola fuerza pol\u00edtica.<br>En esa parte, llam\u00f3 a respetar a los \u00f3rganos electorales, pues son quienes tienen las atribuciones legales para garantizar el desarrollo de lo comicios.<br>\u201cCuando nos registramos como candidatos a diferentes cargos, sab\u00edamos que hab\u00eda un arbitro y que este act\u00faa en el marco de la legislaci\u00f3n que existe en materia electoral, que no act\u00faa al contentillo de nadie, pues tiene una legislaci\u00f3n que est\u00e1 obligado a cumplir\u201d, asever\u00f3 el abanderado aliancista.<\/p>\n","protected":false},"excerpt":{"rendered":"<p>&#8211; Mario Moreno manifiesta su respaldo a los \u00f3rganos electorales Rogelio Agust\u00edn El candidato a la gubernatura de la coalici\u00f3n PRI-PRD, Mario Moreno Arcos sostuvo que la poblaci\u00f3n de Guerrero&hellip; <\/p>\n","protected":false},"author":1,"featured_media":32832,"comment_status":"open","ping_status":"open","sticky":false,"template":"","format":"standard","meta":{"fifu_image_url":"","fifu_image_alt":"","footnotes":""},"categories":[25],"tags":[168],"class_list":["post-32830","post","type-post","status-publish","format-standard","has-post-thumbnail","hentry","category-ruta-2021","tag-ruta-mario-moreno"],"_links":{"self":[{"href":"https:\/\/www.interaccionnoticias.com.mx\/index.php?rest_route=\/wp\/v2\/posts\/32830","targetHints":{"allow":["GET"]}}],"collection":[{"href":"https:\/\/www.interaccionnoticias.com.mx\/index.php?rest_route=\/wp\/v2\/posts"}],"about":[{"href":"https:\/\/www.interaccionnoticias.com.mx\/index.php?rest_route=\/wp\/v2\/types\/post"}],"author":[{"embeddable":true,"href":"https:\/\/www.interaccionnoticias.com.mx\/index.php?rest_route=\/wp\/v2\/users\/1"}],"replies":[{"embeddable":true,"href":"https:\/\/www.interaccionnoticias.com.mx\/index.php?rest_route=%2Fwp%2Fv2%2Fcomments&post=32830"}],"version-history":[{"count":0,"href":"https:\/\/www.interaccionnoticias.com.mx\/index.php?rest_route=\/wp\/v2\/posts\/32830\/revisions"}],"wp:featuredmedia":[{"embeddable":true,"href":"https:\/\/www.interaccionnoticias.com.mx\/index.php?rest_route=\/wp\/v2\/media\/32832"}],"wp:attachment":[{"href":"https:\/\/www.interaccionnoticias.com.mx\/index.php?rest_route=%2Fwp%2Fv2%2Fmedia&parent=32830"}],"wp:term":[{"taxonomy":"category","embeddable":true,"href":"https:\/\/www.interaccionnoticias.com.mx\/index.php?rest_route=%2Fwp%2Fv2%2Fcategories&post=32830"},{"taxonomy":"post_tag","embeddable":true,"href":"https:\/\/www.interaccionnoticias.com.mx\/index.php?rest_route=%2Fwp%2Fv2%2Ftags&post=32830"}],"curies":[{"name":"wp","href":"https:\/\/api.w.org\/{rel}","templated":true}]}}