{"id":32813,"date":"2021-03-31T13:06:00","date_gmt":"2021-03-31T19:06:00","guid":{"rendered":"http:\/\/www.inter-accion.com.mx\/?p=32813"},"modified":"2021-03-31T13:06:00","modified_gmt":"2021-03-31T19:06:00","slug":"32813","status":"publish","type":"post","link":"https:\/\/www.interaccionnoticias.com.mx\/?p=32813","title":{"rendered":"Encabeza F\u00e9lix Salgado marcha \u201cpor la democracia\u201d"},"content":{"rendered":"\n<p><strong><em>&#8211; Prevalecen consignas contra el INE y su presidente<\/em><\/strong><br><br><strong>Rogelio Agust\u00edn<br><\/strong><br>La marcha \u201cpor la democracia\u201d, encabezada por el senador con licencia, F\u00e9lix Salgado Macedonio se convirti\u00f3 en una jornada de protesta en contra del Instituto Nacional Electoral (INE) y su presidente, Lorenzo C\u00f3rdova Vianello.<br><br>La marcha comenz\u00f3 alrededor de las 12:00 horas de este mi\u00e9rcoles, teniendo como punto de partida la avenida de los Insurgentes, frente al mercado central Baltazar R. Leyva Mancilla.<br><br>Hay contingentes de las siete regiones del estado, lo mismo se observan botargas de toro y unidades estilizadas con cuernos, que un f\u00e9retro color negro rotulado con letras rojas, con dos leyendas que atrapan las miradas: \u201cR.I.P al INE\u201d y \u201cR.I.P a Lorenzo C\u00f3rdova\u201d.<br><br>Salgado Macedonio no comenz\u00f3 el recorrido desde el parque Margarita Maza de Ju\u00e1rez, donde anunci\u00f3 que estar\u00eda la tarde del martes 30, cuando acudi\u00f3 a presentar su recurso de impugnaci\u00f3n.<br><br>Lleg\u00f3 un poco m\u00e1s adelante del mercado central Baltazar R. Leyva Mancilla, montado en una motoneta porque los veh\u00edculos ya no pudieron circular en la parte norte de la capital del estado desde las 11:00 horas, cuando los grupos de apoyo comenzaron a organizarse en las inmediaciones de la estatua de El Caballito.<br><br>Un poco atr\u00e1s del contingente principal se coloc\u00f3 la diputada federal Abelina L\u00f3pez Rodr\u00edguez, quien gan\u00f3 la encuesta para ser candidata a la presidencia municipal de Acapulco, a su lado camin\u00f3 el empresario Joaqu\u00edn Vadillo, quien defender\u00e1 la camiseta de Morena en el distrito electoral 09.<br><br>Si bien fueron muchas las mantas y pancartas en las que se observan consignas como \u201cHay Toro\u201d, \u201cUn guerrero para Guerrero\u201d y \u201cEl Pueblo ya decidi\u00f3\u201d, la mayor\u00eda de los mensajes y consignas van dirigidos en contra del INE y su presidente.<br><br>\u201cTraidor a la democracia\u201d, \u201cINE entiende, el pueblo no se vende\u201d y \u201cFuera Lorenzo C\u00f3rdova\u201d fueron las leyendas que se observaron mayoritariamente en las mantas de los seguidores del ex alcalde de Acapulco.<br><br>Destac\u00f3 el f\u00e9retro elaborado con cart\u00f3n, pintado de color negro con letras rojas, que en un costado mostrada la leyenda \u201cR.I.P al INE\u201d y del otro \u201cR.I.P Lorenzo C\u00f3rdova Vianello.<br><br>Aunque Salgado Macedonio no cuenta con personal de seguridad p\u00fablica asignado para su protecci\u00f3n, durante la marcha, se observ\u00f3 como un grupo de varones vestidos con playeras color blanco establecieron un cerco que impide cualquier persona acercarse al ahora ex candidato a gobernador.<br><br>Este improvisado equipo de seguridad se entrelazan de los brazos, establecen un cerco en torno a Salgado Macedonio y empujan a todo lo que impida el avance del contingente.<br><br>En esas condiciones, F\u00e9lix est\u00e1 al frente de la marcha, pero es imposible que cualquier persona no autorizada, incluidos los reporteros, puedan acercase de manera directa.<\/p>\n","protected":false},"excerpt":{"rendered":"<p>&#8211; Prevalecen consignas contra el INE y su presidente Rogelio Agust\u00ednLa marcha \u201cpor la democracia\u201d, encabezada por el senador con licencia, F\u00e9lix Salgado Macedonio se convirti\u00f3 en una jornada de&hellip; <\/p>\n","protected":false},"author":1,"featured_media":32814,"comment_status":"open","ping_status":"open","sticky":false,"template":"","format":"standard","meta":{"fifu_image_url":"","fifu_image_alt":"","footnotes":""},"categories":[25],"tags":[167],"class_list":["post-32813","post","type-post","status-publish","format-standard","has-post-thumbnail","hentry","category-ruta-2021","tag-ruta-el-toro"],"_links":{"self":[{"href":"https:\/\/www.interaccionnoticias.com.mx\/index.php?rest_route=\/wp\/v2\/posts\/32813","targetHints":{"allow":["GET"]}}],"collection":[{"href":"https:\/\/www.interaccionnoticias.com.mx\/index.php?rest_route=\/wp\/v2\/posts"}],"about":[{"href":"https:\/\/www.interaccionnoticias.com.mx\/index.php?rest_route=\/wp\/v2\/types\/post"}],"author":[{"embeddable":true,"href":"https:\/\/www.interaccionnoticias.com.mx\/index.php?rest_route=\/wp\/v2\/users\/1"}],"replies":[{"embeddable":true,"href":"https:\/\/www.interaccionnoticias.com.mx\/index.php?rest_route=%2Fwp%2Fv2%2Fcomments&post=32813"}],"version-history":[{"count":0,"href":"https:\/\/www.interaccionnoticias.com.mx\/index.php?rest_route=\/wp\/v2\/posts\/32813\/revisions"}],"wp:featuredmedia":[{"embeddable":true,"href":"https:\/\/www.interaccionnoticias.com.mx\/index.php?rest_route=\/wp\/v2\/media\/32814"}],"wp:attachment":[{"href":"https:\/\/www.interaccionnoticias.com.mx\/index.php?rest_route=%2Fwp%2Fv2%2Fmedia&parent=32813"}],"wp:term":[{"taxonomy":"category","embeddable":true,"href":"https:\/\/www.interaccionnoticias.com.mx\/index.php?rest_route=%2Fwp%2Fv2%2Fcategories&post=32813"},{"taxonomy":"post_tag","embeddable":true,"href":"https:\/\/www.interaccionnoticias.com.mx\/index.php?rest_route=%2Fwp%2Fv2%2Ftags&post=32813"}],"curies":[{"name":"wp","href":"https:\/\/api.w.org\/{rel}","templated":true}]}}