{"id":3281,"date":"2017-04-03T08:10:41","date_gmt":"2017-04-03T13:10:41","guid":{"rendered":"http:\/\/www.inter-accion.com.mx\/?p=3281"},"modified":"2017-04-03T08:10:41","modified_gmt":"2017-04-03T13:10:41","slug":"al-50-por-ciento-el-abasto-de-agua-en-chilpancingo","status":"publish","type":"post","link":"https:\/\/www.interaccionnoticias.com.mx\/?p=3281","title":{"rendered":"Al 50 por ciento, el abasto de agua en Chilpancingo"},"content":{"rendered":"<p>* La deforestaci\u00f3n, entre las causas de la escasez<br \/>\n&nbsp;<br \/>\nDe acuerdo con el alcalde Marco Antonio Leyva Mena, el suministro de agua en la capital de Guerrero&nbsp;est\u00e1 al 50 por ciento de su capacidad, por eso las constantes protestas ciudadanas.<br \/>\nEl jefe de cabildo en Chilpancingo&nbsp;reconoci\u00f3 que para garantizar el suministro pleno en las casi 400 colonias populares que integran la ciudad, se necesitan por lo menos 600 litros por segundo de agua.<br \/>\nEn esta temporada de estiaje, los sistemas que abastecen de liquido a la cabecera municipal est\u00e1n al 50 por&nbsp;ciento de su capacidad, lo que propicia que los tandeos cada vez sean m\u00e1s espaciados.<br \/>\nDicho problema se recrudece por las fugas que de manera constante se reportan en diferentes puntos, a partir del deterioro que registra la tuber\u00eda.&nbsp;<br \/>\nPor eso es que constantemente se presenten manifestaciones de habitantes de colonias populares, quienes&nbsp;reclaman&nbsp;el suministro del agua potable, lo que provoca que los representantes de la Comisi\u00f3n de Agua Potable y Alcantarillado (Capach) de manera emergente acudan para&nbsp;atender las protestas.<br \/>\nEl presidente municipal&nbsp;refiri\u00f3 que parte de la escasez, se debe al problema de la deforestaci\u00f3n que enfrenta el parque ecol\u00f3gico de Omiltemi, a partir de la hist\u00f3rica explotaci\u00f3n que ah\u00ed se ha desarrollado de los recursos maderables.&nbsp;<br \/>\nEn esos puntos, destac\u00f3 que se necesita de&nbsp;un trabajo emergente de reforestaci\u00f3n, si es que no se quiere entrar en una fase cr\u00edtica durante los&nbsp;pr\u00f3ximos a\u00f1os.<br \/>\nPara este 2017,&nbsp;dijo que se dialoga&nbsp;con la Comisi\u00f3n Nacional Forestal (Conafor) &nbsp;para sembrar por lo menos 600 mil \u00e1rboles en la zona de Omiltemi, lo que permitir\u00e1 cargar de manera importante los mantos acu\u00edferos que abastecen a la ciudad por gravedad.<\/p>\n","protected":false},"excerpt":{"rendered":"<p>* La deforestaci\u00f3n, entre las causas de la escasez &nbsp; De acuerdo con el alcalde Marco Antonio Leyva Mena, el suministro de agua en la capital de Guerrero&nbsp;est\u00e1 al 50&hellip; <\/p>\n","protected":false},"author":1,"featured_media":0,"comment_status":"open","ping_status":"open","sticky":false,"template":"","format":"standard","meta":{"fifu_image_url":"","fifu_image_alt":"","footnotes":""},"categories":[13,8],"tags":[],"class_list":["post-3281","post","type-post","status-publish","format-standard","hentry","category-capital","category-featured"],"_links":{"self":[{"href":"https:\/\/www.interaccionnoticias.com.mx\/index.php?rest_route=\/wp\/v2\/posts\/3281","targetHints":{"allow":["GET"]}}],"collection":[{"href":"https:\/\/www.interaccionnoticias.com.mx\/index.php?rest_route=\/wp\/v2\/posts"}],"about":[{"href":"https:\/\/www.interaccionnoticias.com.mx\/index.php?rest_route=\/wp\/v2\/types\/post"}],"author":[{"embeddable":true,"href":"https:\/\/www.interaccionnoticias.com.mx\/index.php?rest_route=\/wp\/v2\/users\/1"}],"replies":[{"embeddable":true,"href":"https:\/\/www.interaccionnoticias.com.mx\/index.php?rest_route=%2Fwp%2Fv2%2Fcomments&post=3281"}],"version-history":[{"count":0,"href":"https:\/\/www.interaccionnoticias.com.mx\/index.php?rest_route=\/wp\/v2\/posts\/3281\/revisions"}],"wp:attachment":[{"href":"https:\/\/www.interaccionnoticias.com.mx\/index.php?rest_route=%2Fwp%2Fv2%2Fmedia&parent=3281"}],"wp:term":[{"taxonomy":"category","embeddable":true,"href":"https:\/\/www.interaccionnoticias.com.mx\/index.php?rest_route=%2Fwp%2Fv2%2Fcategories&post=3281"},{"taxonomy":"post_tag","embeddable":true,"href":"https:\/\/www.interaccionnoticias.com.mx\/index.php?rest_route=%2Fwp%2Fv2%2Ftags&post=3281"}],"curies":[{"name":"wp","href":"https:\/\/api.w.org\/{rel}","templated":true}]}}