{"id":32801,"date":"2021-03-30T18:11:00","date_gmt":"2021-03-31T00:11:00","guid":{"rendered":"http:\/\/www.inter-accion.com.mx\/?p=32801"},"modified":"2021-03-30T18:11:00","modified_gmt":"2021-03-31T00:11:00","slug":"32801","status":"publish","type":"post","link":"https:\/\/www.interaccionnoticias.com.mx\/?p=32801","title":{"rendered":"Ex vocero de los padres de los 43 reprocha a quienes cuestionaron su aspiraci\u00f3n de ser diputado federal"},"content":{"rendered":"\n<p><strong><em>&#8211; \u201cAh\u00ed est\u00e1 el resultado; no estoy en la lista\u201d, se\u00f1ala Felipe de la Cruz<\/em><\/strong><br><br><strong>Rogelio Agust\u00edn<br><\/strong><br>El ex vocero del colectivo Nos Faltan 43, Felipe de la Cruz Sandoval manifest\u00f3 que a pesar de no quedar en la relaci\u00f3n de candidatos a diputados federales de representaci\u00f3n proporcional de Morena, \u00e9l seguir\u00e1 firme en la lucha por llegar a la verdad de los hechos registrados la noche del 26 de septiembre de 2014.<br>La ma\u00f1ana del martes 30 de marzo, se confirm\u00f3 que De la Cruz Sandoval, quien fuera vocero del colectivo Nos Faltan 43 no estaba en la relaci\u00f3n de candidatos a diputados federales de representaci\u00f3n proporcional registrados por Morena.<br>Agradeci\u00f3 las muestras de apoyo recibidas por parte de personas que consideraron que efectivamente, en caso de llegar a la C\u00e1mara Baja, \u00e9l podr\u00eda ser un elemento importante para mantener vivo el reclamo de justicia y verdad en las investigaciones del Caso Iguala.<br>\u201cPara benepl\u00e1cito de aquellos que dec\u00edan que soy un traidor y que me hab\u00eda vendido, les aclaro que no hay puesto ni dinero que compre mis principios y mis ideales\u201d, se\u00f1al\u00f3 de primera instancia.<br>Luego refiri\u00f3: \u201cAqu\u00ed est\u00e1 el resultado, no soy parte de la lista a las candidaturas. Solamente hice uso de un derecho ciudadano y eso no quiere decir que mi lucha termina aqu\u00ed, al contrario, vamos con m\u00e1s fuerza y coraje para lograr un cambio verdadero en nuestro pa\u00eds\u201d.<br>Contrario a la suerte que corri\u00f3 Felipe de la Cruz, se consign\u00f3 que si logr\u00f3 ingresar a la lista de candidatos a diputados federales de representaci\u00f3n el sobreviviente de la noche del 26 de septiembre de 2014, Manuel V\u00e1zquez Arellano, que es conocido bajo el sobrenombre de Omar Garc\u00eda.<\/p>\n","protected":false},"excerpt":{"rendered":"<p>&#8211; \u201cAh\u00ed est\u00e1 el resultado; no estoy en la lista\u201d, se\u00f1ala Felipe de la Cruz Rogelio Agust\u00ednEl ex vocero del colectivo Nos Faltan 43, Felipe de la Cruz Sandoval manifest\u00f3&hellip; <\/p>\n","protected":false},"author":1,"featured_media":32802,"comment_status":"open","ping_status":"open","sticky":false,"template":"","format":"standard","meta":{"fifu_image_url":"","fifu_image_alt":"","footnotes":""},"categories":[25],"tags":[92],"class_list":["post-32801","post","type-post","status-publish","format-standard","has-post-thumbnail","hentry","category-ruta-2021","tag-ex-vocero"],"_links":{"self":[{"href":"https:\/\/www.interaccionnoticias.com.mx\/index.php?rest_route=\/wp\/v2\/posts\/32801","targetHints":{"allow":["GET"]}}],"collection":[{"href":"https:\/\/www.interaccionnoticias.com.mx\/index.php?rest_route=\/wp\/v2\/posts"}],"about":[{"href":"https:\/\/www.interaccionnoticias.com.mx\/index.php?rest_route=\/wp\/v2\/types\/post"}],"author":[{"embeddable":true,"href":"https:\/\/www.interaccionnoticias.com.mx\/index.php?rest_route=\/wp\/v2\/users\/1"}],"replies":[{"embeddable":true,"href":"https:\/\/www.interaccionnoticias.com.mx\/index.php?rest_route=%2Fwp%2Fv2%2Fcomments&post=32801"}],"version-history":[{"count":0,"href":"https:\/\/www.interaccionnoticias.com.mx\/index.php?rest_route=\/wp\/v2\/posts\/32801\/revisions"}],"wp:featuredmedia":[{"embeddable":true,"href":"https:\/\/www.interaccionnoticias.com.mx\/index.php?rest_route=\/wp\/v2\/media\/32802"}],"wp:attachment":[{"href":"https:\/\/www.interaccionnoticias.com.mx\/index.php?rest_route=%2Fwp%2Fv2%2Fmedia&parent=32801"}],"wp:term":[{"taxonomy":"category","embeddable":true,"href":"https:\/\/www.interaccionnoticias.com.mx\/index.php?rest_route=%2Fwp%2Fv2%2Fcategories&post=32801"},{"taxonomy":"post_tag","embeddable":true,"href":"https:\/\/www.interaccionnoticias.com.mx\/index.php?rest_route=%2Fwp%2Fv2%2Ftags&post=32801"}],"curies":[{"name":"wp","href":"https:\/\/api.w.org\/{rel}","templated":true}]}}