{"id":32793,"date":"2021-03-30T15:34:00","date_gmt":"2021-03-30T21:34:00","guid":{"rendered":"http:\/\/www.inter-accion.com.mx\/?p=32793"},"modified":"2021-03-30T15:34:00","modified_gmt":"2021-03-30T21:34:00","slug":"32793","status":"publish","type":"post","link":"https:\/\/www.interaccionnoticias.com.mx\/?p=32793","title":{"rendered":"Asesinan a taxista en la colonia Temixco 2"},"content":{"rendered":"\n<p><strong><em>&#8211; Ingresa a Semefo en calidad de desconocido<br><\/em><\/strong><br><strong>H\u00e9ctor Camacho<br><\/strong><br>Desconocidos asesinaron a balazos a un chofer del transporte p\u00fablico, en una colonia popular de la capital del estado.<br><br>La tarde del martes 30 de marzo, vecinos de la colonia Temixco 2 emitieron un reporte a trav\u00e9s del servicio de emergencias 911.<br><br>Elementos de la Polic\u00eda del Estado acudieron a dicho asentamiento humano, donde se hab\u00edan reportado el hallazgo de persona herida de bala dentro de un autom\u00f3vil.<br><br>El personal de la polic\u00eda confirm\u00f3 que se trataba del taxi de la l\u00ednea del servicio Alfa, con n\u00famero econ\u00f3mico 761.<br><br>La cruz roja acudi\u00f3 a brindar los primeros auxilios, pero al auscultar a la v\u00edctima se percataron de que ya no ten\u00eda signos vitales, por lo que los polic\u00edas estatales acordonaron la zona.<br><br>Posteriormente arribaron agentes de la Fiscal\u00eda General del Estado (FGE) para realizar las diligencias correspondientes.<br><br>A la v\u00edctima mortal se le calcularon alrededor de 35 a\u00f1os de edad, fue enviado a las instalaciones del Servicio M\u00e9dico Forense (Semefo) en calidad de desconocido.<\/p>\n","protected":false},"excerpt":{"rendered":"<p>&#8211; Ingresa a Semefo en calidad de desconocidoH\u00e9ctor CamachoDesconocidos asesinaron a balazos a un chofer del transporte p\u00fablico, en una colonia popular de la capital del estado. La tarde del&hellip; <\/p>\n","protected":false},"author":1,"featured_media":32794,"comment_status":"open","ping_status":"open","sticky":false,"template":"","format":"standard","meta":{"fifu_image_url":"","fifu_image_alt":"","footnotes":""},"categories":[27],"tags":[34,50,70],"class_list":["post-32793","post","type-post","status-publish","format-standard","has-post-thumbnail","hentry","category-seguridad-publica","tag-34","tag-asesinan","tag-chilpancingo"],"_links":{"self":[{"href":"https:\/\/www.interaccionnoticias.com.mx\/index.php?rest_route=\/wp\/v2\/posts\/32793","targetHints":{"allow":["GET"]}}],"collection":[{"href":"https:\/\/www.interaccionnoticias.com.mx\/index.php?rest_route=\/wp\/v2\/posts"}],"about":[{"href":"https:\/\/www.interaccionnoticias.com.mx\/index.php?rest_route=\/wp\/v2\/types\/post"}],"author":[{"embeddable":true,"href":"https:\/\/www.interaccionnoticias.com.mx\/index.php?rest_route=\/wp\/v2\/users\/1"}],"replies":[{"embeddable":true,"href":"https:\/\/www.interaccionnoticias.com.mx\/index.php?rest_route=%2Fwp%2Fv2%2Fcomments&post=32793"}],"version-history":[{"count":0,"href":"https:\/\/www.interaccionnoticias.com.mx\/index.php?rest_route=\/wp\/v2\/posts\/32793\/revisions"}],"wp:featuredmedia":[{"embeddable":true,"href":"https:\/\/www.interaccionnoticias.com.mx\/index.php?rest_route=\/wp\/v2\/media\/32794"}],"wp:attachment":[{"href":"https:\/\/www.interaccionnoticias.com.mx\/index.php?rest_route=%2Fwp%2Fv2%2Fmedia&parent=32793"}],"wp:term":[{"taxonomy":"category","embeddable":true,"href":"https:\/\/www.interaccionnoticias.com.mx\/index.php?rest_route=%2Fwp%2Fv2%2Fcategories&post=32793"},{"taxonomy":"post_tag","embeddable":true,"href":"https:\/\/www.interaccionnoticias.com.mx\/index.php?rest_route=%2Fwp%2Fv2%2Ftags&post=32793"}],"curies":[{"name":"wp","href":"https:\/\/api.w.org\/{rel}","templated":true}]}}