{"id":32789,"date":"2021-03-30T15:26:00","date_gmt":"2021-03-30T21:26:00","guid":{"rendered":"http:\/\/www.inter-accion.com.mx\/?p=32789"},"modified":"2021-03-30T15:26:00","modified_gmt":"2021-03-30T21:26:00","slug":"32789","status":"publish","type":"post","link":"https:\/\/www.interaccionnoticias.com.mx\/?p=32789","title":{"rendered":"Nombran a Javier Solorio y Cuauht\u00e9moc Salgado, coordinadores de campa\u00f1a de Mario Moreno en Acapulco y Norte, respectivamente"},"content":{"rendered":"\n<p><strong><em>El pueblo de Guerrero es inteligente, y a eso le apostamos el 6 de junio, dice el candidato de coalici\u00f3n PRI-PRD<\/em><\/strong><br><br><strong>Acapulco, Gro. Marzo 30.-<\/strong> El candidato de la coalici\u00f3n PRI-PRD al gobierno de Guerrero, Mario Moreno Arcos, tom\u00f3 protesta a dos coordinadores de campa\u00f1a para las regiones de Acapulco y zona Norte.<\/p>\n\n\n\n<p>El aspirante de la coalici\u00f3n \u201cVa por Guerrero\u201d, design\u00f3 al s\u00edndico con licencia del ayuntamiento porte\u00f1o, Javier Solorio Almaz\u00e1n, para coordinar los esfuerzos de Acapulco y al ex dirigente estatal del PRI, Cuauht\u00e9moc Salgado Romero, para los municipios de Iguala y Taxco.<\/p>\n\n\n\n<p>\u00abSon dos hombres de experiencia que nos van ayudar en tres de los principales municipios de Guerrero como lo son Acapulco, Iguala y Taxco de Alarc\u00f3n, que ser\u00e1n claves para ganar para fortalecer el trabajo territorial, y ser\u00e1n clave para ganar el proceso electoral\u201d.<\/p>\n\n\n\n<p>Tras rendir protesta, Javier Solorio dijo que si en Guerrero no se unen m\u00e1s all\u00e1 de colores y de partidos, el estado no saldr\u00e1 adelante, por lo que consider\u00f3 que \u201cunidos necesitamos pedirle al presidente Andr\u00e9s Manuel L\u00f3pez Obrador que no abandone a Guerrero\u201d.<\/p>\n\n\n\n<p>Afirm\u00f3 que el estado no es de un partido pol\u00edtico, sino de la gente y del pueblo \u201cque lo representa una sola persona, nuestro amigo Mario Moreno\u201d y critic\u00f3 que nunca m\u00e1s debe haber en Guerrero un partido familiar, donde se reparten candidaturas para algunos \u201cpar\u00e1sitos\u201d que solo buscan cargos p\u00fablicos.<\/p>\n\n\n\n<p>\u201cBuscamos con Mario construir, no solamente un Estado, sino a las personas, creemos que la gente puede cambiar, creemos en la regeneraci\u00f3n, por eso estamos ac\u00e1, porque Guerrero no es propiedad de ninguna pandilla, de ning\u00fan partido, de ning\u00fan ambicioso, Guerrero es de todos y para todos\u201d, afirm\u00f3.<\/p>\n\n\n\n<p>Respecto a los nombramientos, Mario Moreno dijo que, con la suma de los coordinadores, se har\u00e1 un trabajo mayormente fortalecido para alcanzar el triunfo en los comicios electorales pr\u00f3ximos porque \u201cel pueblo de Guerrero es inteligente, y a eso le apostamos el 6 de junio\u201d.<\/p>\n\n\n\n<p>En declaraciones, al concluir la presentaci\u00f3n de los coordinadores, Mario Moreno exhort\u00f3 a los guerrerenses para que las campa\u00f1as sigan realiz\u00e1ndose en el marco de la legalidad, en paz y sin confrontaciones pol\u00edticas.<\/p>\n\n\n\n<p>\u00abNosotros hacemos un llamado para que sea una campa\u00f1a en paz, sin confrontaci\u00f3n y dentro del marco de la ley, estamos seguros que el pr\u00f3ximo 6 de junio vamos a ganar con la confianza de la mayor\u00eda de los guerrerenses\u00bb, afirm\u00f3.<\/p>\n\n\n\n<p>Moreno Arcos, resalt\u00f3 que en las \u00faltimas cuatro semanas de campa\u00f1a ha tenido un crecimiento a la alza y confi\u00f3 que en los pr\u00f3ximos d\u00edas se mantenga la tendencia para superar los cuatro o cinco puntos de diferencia que se tiene con otro aspirante, en algunas encuestas.<\/p>\n","protected":false},"excerpt":{"rendered":"<p>El pueblo de Guerrero es inteligente, y a eso le apostamos el 6 de junio, dice el candidato de coalici\u00f3n PRI-PRD Acapulco, Gro. Marzo 30.- El candidato de la coalici\u00f3n&hellip; <\/p>\n","protected":false},"author":1,"featured_media":32790,"comment_status":"open","ping_status":"open","sticky":false,"template":"","format":"standard","meta":{"fifu_image_url":"","fifu_image_alt":"","footnotes":""},"categories":[25],"tags":[168],"class_list":["post-32789","post","type-post","status-publish","format-standard","has-post-thumbnail","hentry","category-ruta-2021","tag-ruta-mario-moreno"],"_links":{"self":[{"href":"https:\/\/www.interaccionnoticias.com.mx\/index.php?rest_route=\/wp\/v2\/posts\/32789","targetHints":{"allow":["GET"]}}],"collection":[{"href":"https:\/\/www.interaccionnoticias.com.mx\/index.php?rest_route=\/wp\/v2\/posts"}],"about":[{"href":"https:\/\/www.interaccionnoticias.com.mx\/index.php?rest_route=\/wp\/v2\/types\/post"}],"author":[{"embeddable":true,"href":"https:\/\/www.interaccionnoticias.com.mx\/index.php?rest_route=\/wp\/v2\/users\/1"}],"replies":[{"embeddable":true,"href":"https:\/\/www.interaccionnoticias.com.mx\/index.php?rest_route=%2Fwp%2Fv2%2Fcomments&post=32789"}],"version-history":[{"count":0,"href":"https:\/\/www.interaccionnoticias.com.mx\/index.php?rest_route=\/wp\/v2\/posts\/32789\/revisions"}],"wp:featuredmedia":[{"embeddable":true,"href":"https:\/\/www.interaccionnoticias.com.mx\/index.php?rest_route=\/wp\/v2\/media\/32790"}],"wp:attachment":[{"href":"https:\/\/www.interaccionnoticias.com.mx\/index.php?rest_route=%2Fwp%2Fv2%2Fmedia&parent=32789"}],"wp:term":[{"taxonomy":"category","embeddable":true,"href":"https:\/\/www.interaccionnoticias.com.mx\/index.php?rest_route=%2Fwp%2Fv2%2Fcategories&post=32789"},{"taxonomy":"post_tag","embeddable":true,"href":"https:\/\/www.interaccionnoticias.com.mx\/index.php?rest_route=%2Fwp%2Fv2%2Ftags&post=32789"}],"curies":[{"name":"wp","href":"https:\/\/api.w.org\/{rel}","templated":true}]}}