{"id":32782,"date":"2021-03-30T15:21:00","date_gmt":"2021-03-30T21:21:00","guid":{"rendered":"http:\/\/www.inter-accion.com.mx\/?p=32782"},"modified":"2021-03-30T15:21:00","modified_gmt":"2021-03-30T21:21:00","slug":"32782","status":"publish","type":"post","link":"https:\/\/www.interaccionnoticias.com.mx\/?p=32782","title":{"rendered":"F\u00e9lix Salgado encabezar\u00e1 mega-marcha para exigir su restituci\u00f3n como candidato"},"content":{"rendered":"\n<p><strong><em>&#8211; Lo confirm\u00f3 a trav\u00e9s de sus redes sociales<br>&#8211; Aclar\u00f3 que va \u201ccomo un ciudadano m\u00e1s\u201d<\/em><br><br>Jes\u00fas Dorantes<br><br>Chilpancingo, Gro.- <\/strong>El senador con licencia, F\u00e9lix Salgado Macedonio anunci\u00f3 que encabezar\u00e1 la \u201cmega-marcha\u201d convocada para el mi\u00e9rcoles en la capital del estado, en la que estar\u00e1 acompa\u00f1ado de simpatizantes y militantes de Morena provenientes las siete regiones del estado, para exigir la restituci\u00f3n de su candidatura a gobernador.<br>La jornada del martes, Salgado Macedonio inform\u00f3 a trav\u00e9s de sus cuentas oficiales de redes sociales, que ya inici\u00f3 el tr\u00e1mite de la impugnaci\u00f3n ante el Tribunal Electoral del Poder Judicial de la Federaci\u00f3n (TEPJF).<br>Asegur\u00f3 que seguir\u00e1 los \u00abcauses pertinentes del proceso\u00bb para evidenciar que la cancelaci\u00f3n de su registro como candidato a gobernador, es un atentado contra la democracia y la voluntad popular.<br>Enfatiz\u00f3 que la sanci\u00f3n fue impuesta por siete personas ajenas al estado de Guerrero es un exceso, pues desde un escritorio \u201crealizaron un atentado contra la voluntad del pueblo que lo eligi\u00f3 como candidato\u201d.<br>Por eso, agradeci\u00f3 el apoyo de sus simpatizantes, manifestado a trav\u00e9s de las protestas que se han registrado durante los \u00faltimos d\u00edas.<br>Aprovech\u00f3 para convocar a participar en la marcha del pr\u00f3ximo mi\u00e9rcoles 31 de marzo en la capital del estado.<br>\u201cMi partido Morena est\u00e1 convocando este mi\u00e9rcoles 31 de marzo a una marcha por la democracia y la dignidad, del parque Margarita Maza de Ju\u00e1rez hacia el z\u00f3calo de Chilpancingo a las 11:30\u201d, se\u00f1al\u00f3 de primera instancia.<br>Luego destac\u00f3: \u201cAh\u00ed marchar\u00e9 con ustedes, como un ciudadano m\u00e1s, protestando contra el viejo r\u00e9gimen que se niega a claudicar\u201d.<\/p>\n","protected":false},"excerpt":{"rendered":"<p>&#8211; Lo confirm\u00f3 a trav\u00e9s de sus redes sociales&#8211; Aclar\u00f3 que va \u201ccomo un ciudadano m\u00e1s\u201d Jes\u00fas Dorantes Chilpancingo, Gro.- El senador con licencia, F\u00e9lix Salgado Macedonio anunci\u00f3 que encabezar\u00e1&hellip; <\/p>\n","protected":false},"author":1,"featured_media":32783,"comment_status":"open","ping_status":"open","sticky":false,"template":"","format":"standard","meta":{"fifu_image_url":"","fifu_image_alt":"","footnotes":""},"categories":[25],"tags":[167],"class_list":["post-32782","post","type-post","status-publish","format-standard","has-post-thumbnail","hentry","category-ruta-2021","tag-ruta-el-toro"],"_links":{"self":[{"href":"https:\/\/www.interaccionnoticias.com.mx\/index.php?rest_route=\/wp\/v2\/posts\/32782","targetHints":{"allow":["GET"]}}],"collection":[{"href":"https:\/\/www.interaccionnoticias.com.mx\/index.php?rest_route=\/wp\/v2\/posts"}],"about":[{"href":"https:\/\/www.interaccionnoticias.com.mx\/index.php?rest_route=\/wp\/v2\/types\/post"}],"author":[{"embeddable":true,"href":"https:\/\/www.interaccionnoticias.com.mx\/index.php?rest_route=\/wp\/v2\/users\/1"}],"replies":[{"embeddable":true,"href":"https:\/\/www.interaccionnoticias.com.mx\/index.php?rest_route=%2Fwp%2Fv2%2Fcomments&post=32782"}],"version-history":[{"count":0,"href":"https:\/\/www.interaccionnoticias.com.mx\/index.php?rest_route=\/wp\/v2\/posts\/32782\/revisions"}],"wp:featuredmedia":[{"embeddable":true,"href":"https:\/\/www.interaccionnoticias.com.mx\/index.php?rest_route=\/wp\/v2\/media\/32783"}],"wp:attachment":[{"href":"https:\/\/www.interaccionnoticias.com.mx\/index.php?rest_route=%2Fwp%2Fv2%2Fmedia&parent=32782"}],"wp:term":[{"taxonomy":"category","embeddable":true,"href":"https:\/\/www.interaccionnoticias.com.mx\/index.php?rest_route=%2Fwp%2Fv2%2Fcategories&post=32782"},{"taxonomy":"post_tag","embeddable":true,"href":"https:\/\/www.interaccionnoticias.com.mx\/index.php?rest_route=%2Fwp%2Fv2%2Ftags&post=32782"}],"curies":[{"name":"wp","href":"https:\/\/api.w.org\/{rel}","templated":true}]}}