{"id":3278,"date":"2017-04-03T08:08:00","date_gmt":"2017-04-03T13:08:00","guid":{"rendered":"http:\/\/www.inter-accion.com.mx\/?p=3278"},"modified":"2017-04-03T08:08:00","modified_gmt":"2017-04-03T13:08:00","slug":"rector-electo-de-la-uagro-ratifica-su-rechazo-a-la-quema-de-libros","status":"publish","type":"post","link":"https:\/\/www.interaccionnoticias.com.mx\/?p=3278","title":{"rendered":"Rector electo de la UAGro ratifica su rechazo a la quema de libros"},"content":{"rendered":"<p>&nbsp;<br \/>\nEl rector electo de la Universidad Aut\u00f3noma de Guerrero (UAGro), Javier Salda\u00f1a Almaz\u00e1n ratific\u00f3 su rechazo a la quema de libros y batas, por los tr\u00e1gicos desenlaces que llegan a tener.<br \/>\nSalda\u00f1a Almaz\u00e1n, coment\u00f3 que semana pasada, un estudiante de la Unidad Acad\u00e9mica de Medicina perdi\u00f3 la vida al t\u00e9rmino de una quema de batas, un taxi lo arroll\u00f3 cuando intentaba atravesar la v\u00eda publica en el puerto de Acapulco.<br \/>\nEse joven era hijo de un trabajador acad\u00e9mico de la instituci\u00f3n, sin embargo, destac\u00f3 que el problema real es la cantidad de alcohol que corre en cada una de esas festividades.<br \/>\nReconoci\u00f3 que ha sido objeto de muchas cr\u00edticas a partir de que se opone a dichas festividades, las que admiti\u00f3, est\u00e1n muy arraigadas en la comunidad estudiantil y siempre los comit\u00e9s pro clausura intentan revivirlas. &nbsp;<br \/>\nPor eso, anticip\u00f3 que a pesar del problema de popularidad que le pueda representar, la prohibici\u00f3n permanecer\u00e1 durante su nuevo rectorado.<br \/>\n\u201cLa verdad es que hay que cuidar a nuestras juventudes, y la verdad en muchas ocasiones hemos tenido desenlaces muy complicados\u201d, anot\u00f3.<br \/>\nRecord\u00f3 que en el contexto hist\u00f3rico, el emperador Napole\u00f3n Bonaparte orden\u00f3 la quema de todos los libros que se tuvieran a a mano, para evitar que los pueblos se pudieran cultivar.<br \/>\nPor esa raz\u00f3n, la lectura de quemar libros o quemar batas en las escuelas de la casa de estudios, de ninguna manera puede tener una lectura positiva.<\/p>\n","protected":false},"excerpt":{"rendered":"<p>&nbsp; El rector electo de la Universidad Aut\u00f3noma de Guerrero (UAGro), Javier Salda\u00f1a Almaz\u00e1n ratific\u00f3 su rechazo a la quema de libros y batas, por los tr\u00e1gicos desenlaces que llegan&hellip; <\/p>\n","protected":false},"author":1,"featured_media":0,"comment_status":"open","ping_status":"open","sticky":false,"template":"","format":"standard","meta":{"fifu_image_url":"","fifu_image_alt":"","footnotes":""},"categories":[6,8],"tags":[],"class_list":["post-3278","post","type-post","status-publish","format-standard","hentry","category-educacion","category-featured"],"_links":{"self":[{"href":"https:\/\/www.interaccionnoticias.com.mx\/index.php?rest_route=\/wp\/v2\/posts\/3278","targetHints":{"allow":["GET"]}}],"collection":[{"href":"https:\/\/www.interaccionnoticias.com.mx\/index.php?rest_route=\/wp\/v2\/posts"}],"about":[{"href":"https:\/\/www.interaccionnoticias.com.mx\/index.php?rest_route=\/wp\/v2\/types\/post"}],"author":[{"embeddable":true,"href":"https:\/\/www.interaccionnoticias.com.mx\/index.php?rest_route=\/wp\/v2\/users\/1"}],"replies":[{"embeddable":true,"href":"https:\/\/www.interaccionnoticias.com.mx\/index.php?rest_route=%2Fwp%2Fv2%2Fcomments&post=3278"}],"version-history":[{"count":0,"href":"https:\/\/www.interaccionnoticias.com.mx\/index.php?rest_route=\/wp\/v2\/posts\/3278\/revisions"}],"wp:attachment":[{"href":"https:\/\/www.interaccionnoticias.com.mx\/index.php?rest_route=%2Fwp%2Fv2%2Fmedia&parent=3278"}],"wp:term":[{"taxonomy":"category","embeddable":true,"href":"https:\/\/www.interaccionnoticias.com.mx\/index.php?rest_route=%2Fwp%2Fv2%2Fcategories&post=3278"},{"taxonomy":"post_tag","embeddable":true,"href":"https:\/\/www.interaccionnoticias.com.mx\/index.php?rest_route=%2Fwp%2Fv2%2Ftags&post=3278"}],"curies":[{"name":"wp","href":"https:\/\/api.w.org\/{rel}","templated":true}]}}