{"id":32772,"date":"2021-03-30T08:00:00","date_gmt":"2021-03-30T14:00:00","guid":{"rendered":"http:\/\/www.inter-accion.com.mx\/?p=32772"},"modified":"2021-03-30T08:00:00","modified_gmt":"2021-03-30T14:00:00","slug":"32772","status":"publish","type":"post","link":"https:\/\/www.interaccionnoticias.com.mx\/?p=32772","title":{"rendered":"En Guajes de Ayala, claman por ayuda humanitaria"},"content":{"rendered":"\n<p><strong><em>&#8211; A un mes de los enfrentamientos con la Familia Michoacana (FM)<\/em><\/strong><br><br><strong>H\u00e9ctor Camacho<\/strong><\/p>\n\n\n\n<p>A un mes de que se registrara la incursi\u00f3n de supuestos integrantes de la Familia Michoacana (FM) en los pueblos que integran el ejido de Guajes de Ayala, municipio de Coyuca de Catal\u00e1n, los habitantes solicitaron el env\u00edo de ayuda humanitaria a trav\u00e9s de organismos defensores de los derechos humanos, pues carecen de productos b\u00e1sicos para su alimentaci\u00f3n, mientras que los caminos siguen controlados por sus agresores.<br><br>Guajes de Ayala es un ejido que se integra por m\u00e1s de 20 pueblos pertenecientes al municipio de Coyuca de Catal\u00e1n, est\u00e1 ubicado en la parte alta de la Sierra y sus pobladores, hasta hace poco viv\u00edan principalmente de la siembra de ma\u00edz, la cr\u00eda de ganado, el cultivo de la amapola y tambi\u00e9n de la explotaci\u00f3n racional de los recursos maderables.<br><br>Sin embargo, la vida para las m\u00e1s de mil 600 personas que habitaban el ejido cambi\u00f3 de manera importante desde la jornada del 20 de febrero del presente a\u00f1o, cuando recibieron los primeros reportes de que sus pueblos comenzaban a sufrir el asedio de supuestos integrantes del grupo criminal conocido como \u201cLa Familia Michoacana\u201d.<br><br><strong>De la confrontaci\u00f3n<br><\/strong><br>Javier Hern\u00e1ndez, secretario del comisariado ejidal, se\u00f1ala que la tensi\u00f3n en Guajes de Ayala y sus pueblos comenz\u00f3 desde el 20 de febrero, cuando se observaron los primeros grupos de pistoleros rondando en sus caminos de acceso.<br><br>Asegura que aunque se emiti\u00f3 la voz de alerta, las autoridades del estado y la federaci\u00f3n no les prestaron atenci\u00f3n.<br><br>La consecuencia, de acuerdo con el representante ejidal, fue una confrontaci\u00f3n que arroj\u00f3 el saldo de por lo menos 20 muertos por parte de los agresores, aunque oficialmente no se confirm\u00f3 ning\u00fan deceso.<br><br>Respecto a c\u00f3mo se gener\u00f3 la defensa del ejido, Javier explica que desde hace varios meses, cuando la confrontaci\u00f3n entre los grupos del crimen organizado alcanz\u00f3 a varios puntos de la Sierra, los habitantes tuvieron la preocupaci\u00f3n de conseguir armas y estar listos para defender su territorio.<br><br>\u201cSino hubi\u00e9ramos tenido ese cuidado, seguramente lo que hubiera pasada es una masacre, en la que hubieran muerto muchas mujeres y ni\u00f1os\u201d, asever\u00f3.<br><br>El 25 de febrero, los enfrentamientos comenzaron alrededor de las 08:30 horas y terminaron alrededor de las 16:00.<br><br>Si las autoridades no encontraron los cad\u00e1veres de los ca\u00eddos, es porque al llegar a la zona hicieron base en El Pescado, donde se hab\u00edan refugiado las mujeres y los ni\u00f1os mientras los hombres repel\u00eda a los agresores.<br><br>\u201cEse tiempo que estuvieron en El Pescado fue determinante para que a lomo de bestia sacaran sus cad\u00e1veres, aunque nosotros encontramos rastros de sangre y de restos, por eso podemos tener un dato aproximado de cuantos cayeron\u201d, asegura.<br><br>Aunque el 26 acudieron elementos de la Guardia Nacional, de la Polic\u00eda del Estado y del Ej\u00e9rcito Mexicano, dijo que apenas les permiti\u00f3 de la zona de la confrontaci\u00f3n armada pero no se persigui\u00f3 a los agresores, que sostiene, siguen ocultos en la parte alta de la sierra, pendientes de los caminos y en los hechos ejerciendo un estado de sitio.<br><br><strong>Estaos en una tragedia<br><\/strong><br>Un vecino que solicit\u00f3 permanecer en el anonimato, asegura que lo que enfrenta e ejido es una verdadera tragedia y la crisis que se enfrenta ya es de car\u00e1cter humanitario.<br><br>En el caso de Guajes de Ayala existe un promedio de 50 personas que abandonaron el lugar y se encuentran refugiados en El Pescado.<br><br>\u201cAll\u00e1 arriba se quedaron nuestras cosas; casas, vacas, chivos, gallinas y nuestras tierras de labor\u201d.<br><br>Aunque hay patrullajes de personal de la Polic\u00eda y del Ej\u00e9rcito, asegura que no hay la cantidad suficiente para ahuyentar definitivamente a sus agresores.<br><br>\u201cEst\u00e1n en los cerros, nos hablan por radio, nos dicen que ya vienen y que nos est\u00e1n vigilando, luego nos ponen narcocorridos y nos dicen que vienen con todo en nuestra contra\u201d.<br><br>En el Pescado se encuentran familias de El Saibal, los \u00f3rganos, La Hacienda de Dolores, Tierra Colorada y El Ciruelo, entre otros.<br><br>Aunque ya en dos ocasiones les han llevado despensas con personal de la Secretar\u00eda de Seguridad P\u00fablica (SSP) y Guardia Nacional (GN), los desplazados aseguran que lo que reciben les ha durado menos de una semana.<br><br>Cada despensa entregada consta de un kilo de frijol negro, garbanzo, lentejas, dos paquetes de sopas y un paquetito de leche.<br><br>Les hace falta papel de ba\u00f1o, az\u00facar, aceite y todo lo relacionado para condimentar.<br><br>El costo de la vida se elev\u00f3 a tal grado, que un refresco de cola de dos litros les representa un gasto de 95 pesos.<br><br>La zona es rica en producci\u00f3n de ma\u00edz, por familia siembran cada a\u00f1o un promedio de cuatro a cinco hect\u00e1reas, que les permite vender y garantizar una porci\u00f3n para e autoconsumo.<br><br>Este a\u00f1o dejaron las tierras de cultivo abandonadas y para estas alturas, se\u00f1alan que gran parte de la cosecha ya se ech\u00f3 a perder, si no se resuelve el problema en el periodo corto, entonces lo que habr\u00e1 es una situaci\u00f3n de p\u00e9rdida total.<br><br>En el ejido hay un aproximado de mil 800 cabezas de ganado que en estos momentos ya se encuentra en manos de los delincuentes, el que no ha sido robado est\u00e1 abandonado en los potreros y algunos ya llegaron a las tierras de cultivo para destruirlas.<br><br>En comunidades como Guajes y Hacienda de Dolores, que se han convertido en pueblos completamente abandonados, se puede observar a las gallinas en el interior de las casas, los chivos deambular en las calles y algunos ejemplares ya est\u00e1n muertos a la intemperie.<br><br>Los pobladores que piden el anonimato, sostienen que no ha la posibilidad de que particulares puedan llevarles ayuda de manera aislada, tienen que ser organismos internacionales con vigilancia del Estado, pues los caminos est\u00e1n ocupados por la delincuencia y por lo tanto, tratar de llegar sin el resguardo correspondiente implica \u201cfirmar una sentencia de muerte\u201d.<br><br>Javier Hern\u00e1ndez admite que entre las actividades que realizan los lugare\u00f1os para sobrevivir est\u00e1 la siembra de amapola, pero sostiene que dicha actividad no los convierte en autom\u00e1tico en delincuentes.\u00a0<br><br>El 30 de marzo hubo una incursi\u00f3n de integrantes de la FM en los puntos de explotaci\u00f3n de la madera, \u201cllegaron gente de los hermanos Espino y se llevaron la madera que estaba en el lugar, lo que represent\u00f3 otro duro golpe para nosotros\u201d.<br><br>Jes\u00fas\u00a0\u00a0\u201cN\u201d, comisario de Guajes de Ayala, es propietario de la tienda en la que se abastecen los pueblos vecinos, \u00e9l se\u00f1ala que desde hace un mes no puede bajar a Ciudad Altamirano para abastecerse de v\u00edveres, que es lo que consumen principalmente los lugare\u00f1os.<br><br>La verdad es que es muy peligroso para mi atreverme a ir a traer las cosas, por eso ya no tenemos todo que anteriormente pod\u00edamos vender\u201d, asegura.<br><br>En la tienda ya no hay granos b\u00e1sicos, tampoco insumos como el aceito y los condimentos necesarios para cocinar, tampoco hay jab\u00f3n, detergente ni papel higi\u00e9nico.<br><br>El comisario conf\u00eda en que la situaci\u00f3n pueda mejorar en un periodo de tiempo razonable, pues asegura que los pobladores se encuentran en una situaci\u00f3n de emergencia.<\/p>\n","protected":false},"excerpt":{"rendered":"<p>&#8211; A un mes de los enfrentamientos con la Familia Michoacana (FM) H\u00e9ctor Camacho A un mes de que se registrara la incursi\u00f3n de supuestos integrantes de la Familia Michoacana&hellip; <\/p>\n","protected":false},"author":1,"featured_media":32773,"comment_status":"open","ping_status":"open","sticky":false,"template":"","format":"standard","meta":{"fifu_image_url":"","fifu_image_alt":"","footnotes":""},"categories":[27],"tags":[84,93],"class_list":["post-32772","post","type-post","status-publish","format-standard","has-post-thumbnail","hentry","category-seguridad-publica","tag-desplazados","tag-familia-michoacana"],"_links":{"self":[{"href":"https:\/\/www.interaccionnoticias.com.mx\/index.php?rest_route=\/wp\/v2\/posts\/32772","targetHints":{"allow":["GET"]}}],"collection":[{"href":"https:\/\/www.interaccionnoticias.com.mx\/index.php?rest_route=\/wp\/v2\/posts"}],"about":[{"href":"https:\/\/www.interaccionnoticias.com.mx\/index.php?rest_route=\/wp\/v2\/types\/post"}],"author":[{"embeddable":true,"href":"https:\/\/www.interaccionnoticias.com.mx\/index.php?rest_route=\/wp\/v2\/users\/1"}],"replies":[{"embeddable":true,"href":"https:\/\/www.interaccionnoticias.com.mx\/index.php?rest_route=%2Fwp%2Fv2%2Fcomments&post=32772"}],"version-history":[{"count":0,"href":"https:\/\/www.interaccionnoticias.com.mx\/index.php?rest_route=\/wp\/v2\/posts\/32772\/revisions"}],"wp:featuredmedia":[{"embeddable":true,"href":"https:\/\/www.interaccionnoticias.com.mx\/index.php?rest_route=\/wp\/v2\/media\/32773"}],"wp:attachment":[{"href":"https:\/\/www.interaccionnoticias.com.mx\/index.php?rest_route=%2Fwp%2Fv2%2Fmedia&parent=32772"}],"wp:term":[{"taxonomy":"category","embeddable":true,"href":"https:\/\/www.interaccionnoticias.com.mx\/index.php?rest_route=%2Fwp%2Fv2%2Fcategories&post=32772"},{"taxonomy":"post_tag","embeddable":true,"href":"https:\/\/www.interaccionnoticias.com.mx\/index.php?rest_route=%2Fwp%2Fv2%2Ftags&post=32772"}],"curies":[{"name":"wp","href":"https:\/\/api.w.org\/{rel}","templated":true}]}}