{"id":32768,"date":"2021-03-29T22:19:00","date_gmt":"2021-03-30T04:19:00","guid":{"rendered":"http:\/\/www.inter-accion.com.mx\/?p=32768"},"modified":"2021-03-29T22:19:00","modified_gmt":"2021-03-30T04:19:00","slug":"32768","status":"publish","type":"post","link":"https:\/\/www.interaccionnoticias.com.mx\/?p=32768","title":{"rendered":"\u201cAlameda por la Paz\u201d promover\u00e1 la paz social en Chilpancingo"},"content":{"rendered":"\n<p><strong>Chilpancingo, Guerrero a 29 de marzo de 2021.-<\/strong> Con la finalidad de fortalecer las acciones de sana convivencia entre los chilpancingue\u00f1os, el Gobierno de Chilpancingo, que encabeza Antonio Gaspar Beltr\u00e1n, inaugur\u00f3 el proyecto \u201cAlameda por la Paz\u201d, a trav\u00e9s de la Secretar\u00eda de Seguridad P\u00fablica Municipal y la Coordinaci\u00f3n de Prevenci\u00f3n del Delito.<br><br>La estrategia consistir\u00e1 en la realizaci\u00f3n de una serie de foros denominados \u00abChilpancingo Escucha tu Voz\u00bb, con la finalidad de que los j\u00f3venes tengan la oportunidad de participar en acciones y proyectos que mejoren la ciudad Capital y la calidad de vida de sus habitantes.<br><br>El evento de inauguraci\u00f3n se llev\u00f3 a cabo en la alameda \u201cFrancisco Granados Maldonado\u201d, donde Gaspar Beltr\u00e1n reconoci\u00f3 el esfuerzo y la dedicaci\u00f3n de los j\u00f3venes y de los trabajadores del Ayuntamiento por implementar estrategias para generar las condiciones necesarias para la paz y tranquilidad de la ciudadan\u00eda.<br><br>Por otro lado, el coordinador de Prevenci\u00f3n del Delito, Sa\u00fal Castro Hern\u00e1ndez explic\u00f3 que la finalidad de estas acciones son fomentar y enriquecer las capacidades de los j\u00f3venes y adultos para la sana convivencia y alejarlos de las adicciones y otras conductas nocivas.<br>En ese mismo tema, el coordinador del grupo \u201cH\u00e9roes por Chilpancingo\u201d, Diego Fernando Far\u00edas Estrella se\u00f1al\u00f3 que un grupo de j\u00f3venes que colaboran con el proyecto, est\u00e1n desarrollo una estrategia integral para la recuperaci\u00f3n de espacios, historia, ra\u00edces y tradiciones de Chilpancingo, actividades que se llevar\u00e1n a cabo a trav\u00e9s de talleres que activen sus capacidades para la investigaci\u00f3n de actividades profesionales y as\u00ed inhibir actos delictivos.<\/p>\n","protected":false},"excerpt":{"rendered":"<p>Chilpancingo, Guerrero a 29 de marzo de 2021.- Con la finalidad de fortalecer las acciones de sana convivencia entre los chilpancingue\u00f1os, el Gobierno de Chilpancingo, que encabeza Antonio Gaspar Beltr\u00e1n,&hellip; <\/p>\n","protected":false},"author":1,"featured_media":32769,"comment_status":"open","ping_status":"open","sticky":false,"template":"","format":"standard","meta":{"fifu_image_url":"","fifu_image_alt":"","footnotes":""},"categories":[13],"tags":[56],"class_list":["post-32768","post","type-post","status-publish","format-standard","has-post-thumbnail","hentry","category-capital","tag-ayuntamiento-de-chilpancingo"],"_links":{"self":[{"href":"https:\/\/www.interaccionnoticias.com.mx\/index.php?rest_route=\/wp\/v2\/posts\/32768","targetHints":{"allow":["GET"]}}],"collection":[{"href":"https:\/\/www.interaccionnoticias.com.mx\/index.php?rest_route=\/wp\/v2\/posts"}],"about":[{"href":"https:\/\/www.interaccionnoticias.com.mx\/index.php?rest_route=\/wp\/v2\/types\/post"}],"author":[{"embeddable":true,"href":"https:\/\/www.interaccionnoticias.com.mx\/index.php?rest_route=\/wp\/v2\/users\/1"}],"replies":[{"embeddable":true,"href":"https:\/\/www.interaccionnoticias.com.mx\/index.php?rest_route=%2Fwp%2Fv2%2Fcomments&post=32768"}],"version-history":[{"count":0,"href":"https:\/\/www.interaccionnoticias.com.mx\/index.php?rest_route=\/wp\/v2\/posts\/32768\/revisions"}],"wp:featuredmedia":[{"embeddable":true,"href":"https:\/\/www.interaccionnoticias.com.mx\/index.php?rest_route=\/wp\/v2\/media\/32769"}],"wp:attachment":[{"href":"https:\/\/www.interaccionnoticias.com.mx\/index.php?rest_route=%2Fwp%2Fv2%2Fmedia&parent=32768"}],"wp:term":[{"taxonomy":"category","embeddable":true,"href":"https:\/\/www.interaccionnoticias.com.mx\/index.php?rest_route=%2Fwp%2Fv2%2Fcategories&post=32768"},{"taxonomy":"post_tag","embeddable":true,"href":"https:\/\/www.interaccionnoticias.com.mx\/index.php?rest_route=%2Fwp%2Fv2%2Ftags&post=32768"}],"curies":[{"name":"wp","href":"https:\/\/api.w.org\/{rel}","templated":true}]}}