{"id":32752,"date":"2021-03-29T17:52:00","date_gmt":"2021-03-29T23:52:00","guid":{"rendered":"http:\/\/www.inter-accion.com.mx\/?p=32752"},"modified":"2021-03-29T17:52:00","modified_gmt":"2021-03-29T23:52:00","slug":"32752","status":"publish","type":"post","link":"https:\/\/www.interaccionnoticias.com.mx\/?p=32752","title":{"rendered":"Contin\u00faan protestas en el INE"},"content":{"rendered":"\n<p><strong><em>&#8211; Habitantes de la Costa Chica se manifestaron en Ayutla de los Libres<\/em><\/strong><br><br><strong>Javier Trujillo<br><br>Acapulco, Gro.- <\/strong>Un grupo de mujeres y hombres de los municipios de la regi\u00f3n de la Costa Chica, se manifestaron en la sede del distrito 8 del Instituto Nacional Electoral en Ayutla de los Libres, Guerrero.<br>Los militantes y simpatizantes de morenistas se manifestaron en el INE de Ayutla, eran grupos representativos de 8 municipios en la regi\u00f3n costera.<br>Iban encabezados por Ferm\u00edn Villalba Ocampo, coordinador distrital del Movimiento de Regeneraci\u00f3n Nacional, y se manifestaron pac\u00edficamente en las oficinas distritales del INE, ubicadas Ayutla de los Libres, en la cabecera distrital, ubicada en la calle Juan \u00c1lvarez, colonia La Villa.<br>\u00abF\u00e9lix Marquelia est\u00e1 contigo\u00bb, \u00abF\u00e9lix aguanta, Guerrero se levanta\u00bb, \u00abTecoanapa exige respeto a la democracia\u00bb, \u00abCuajinicuilapa, Guerrero, est\u00e1 con F\u00e9lix\u00bb, y \u00abFuera PRINE y Lorenzo C\u00f3rdoba\u00bb, son algunas de las cartulinas que portan los manifestantes.<br>Los quejosos exhibieron las cartulinas en repudio a la decisi\u00f3n que tom\u00f3 el organismo del INE, tras haberle retirado la candidatura al hasta el pasado s\u00e1bado, candidato al gobierno de Guerrero, F\u00e9lix Salgado Macedonio.<br>Fue una protesta pac\u00edfica afuera de las instalaciones del Distrito 08 del INE, en Ayutla de los Libres.<\/p>\n","protected":false},"excerpt":{"rendered":"<p>&#8211; Habitantes de la Costa Chica se manifestaron en Ayutla de los Libres Javier Trujillo Acapulco, Gro.- Un grupo de mujeres y hombres de los municipios de la regi\u00f3n de&hellip; <\/p>\n","protected":false},"author":1,"featured_media":32753,"comment_status":"open","ping_status":"open","sticky":false,"template":"","format":"standard","meta":{"fifu_image_url":"","fifu_image_alt":"","footnotes":""},"categories":[25],"tags":[125,167],"class_list":["post-32752","post","type-post","status-publish","format-standard","has-post-thumbnail","hentry","category-ruta-2021","tag-ine","tag-ruta-el-toro"],"_links":{"self":[{"href":"https:\/\/www.interaccionnoticias.com.mx\/index.php?rest_route=\/wp\/v2\/posts\/32752","targetHints":{"allow":["GET"]}}],"collection":[{"href":"https:\/\/www.interaccionnoticias.com.mx\/index.php?rest_route=\/wp\/v2\/posts"}],"about":[{"href":"https:\/\/www.interaccionnoticias.com.mx\/index.php?rest_route=\/wp\/v2\/types\/post"}],"author":[{"embeddable":true,"href":"https:\/\/www.interaccionnoticias.com.mx\/index.php?rest_route=\/wp\/v2\/users\/1"}],"replies":[{"embeddable":true,"href":"https:\/\/www.interaccionnoticias.com.mx\/index.php?rest_route=%2Fwp%2Fv2%2Fcomments&post=32752"}],"version-history":[{"count":0,"href":"https:\/\/www.interaccionnoticias.com.mx\/index.php?rest_route=\/wp\/v2\/posts\/32752\/revisions"}],"wp:featuredmedia":[{"embeddable":true,"href":"https:\/\/www.interaccionnoticias.com.mx\/index.php?rest_route=\/wp\/v2\/media\/32753"}],"wp:attachment":[{"href":"https:\/\/www.interaccionnoticias.com.mx\/index.php?rest_route=%2Fwp%2Fv2%2Fmedia&parent=32752"}],"wp:term":[{"taxonomy":"category","embeddable":true,"href":"https:\/\/www.interaccionnoticias.com.mx\/index.php?rest_route=%2Fwp%2Fv2%2Fcategories&post=32752"},{"taxonomy":"post_tag","embeddable":true,"href":"https:\/\/www.interaccionnoticias.com.mx\/index.php?rest_route=%2Fwp%2Fv2%2Ftags&post=32752"}],"curies":[{"name":"wp","href":"https:\/\/api.w.org\/{rel}","templated":true}]}}