{"id":3271,"date":"2017-03-31T19:28:03","date_gmt":"2017-04-01T01:28:03","guid":{"rendered":"http:\/\/www.inter-accion.com.mx\/?p=3271"},"modified":"2017-03-31T19:28:03","modified_gmt":"2017-04-01T01:28:03","slug":"matan-a-balazos-a-ex-comisariado-ejidal-y-su-esposa-queda-herida","status":"publish","type":"post","link":"https:\/\/www.interaccionnoticias.com.mx\/?p=3271","title":{"rendered":"Matan a balazos a ex comisariado ejidal y su esposa queda herida"},"content":{"rendered":"<p>*Fungi\u00f3 como ejecutivo de una empresa maderera en la sierra<br \/>\n*Le disparan al menos en 15 ocasiones<br \/>\nAcapulco, Gro.- El ex comisariado ejidal y ex gerente de la maderera \u00abEl Balc\u00f3n\u00bb, ubicada en la sierra del municipio de Ajuchitl\u00e1n del Progreso, fue abatido y su esposa herida a balazos, en Tecpan de Galeana, Guerrero.<br \/>\nLos hechos ocurrieron aproximadamente a las 15:30 horas sobre la carretera federal Acapulco-Zihuatanejo a la altura de restaurante \u00abLa Fogata\u00bb, en el barrio de La Capilla, qued\u00f3 una camioneta marca Cadillac, tipo Acadia, que se impact\u00f3 en un muro de un negocio.<br \/>\nDe acuerdo con versiones de testigos presenciales un veh\u00edculo se les emparej\u00f3 y desde ah\u00ed dispararon en m\u00e1s de 15 ocasiones contra \u00c1lvaro y su esposa quien result\u00f3 herida de gravedad, en seguida fue&nbsp; hospitalizada.<br \/>\nLa v\u00edctima fue comisario ejidal de la comunidad P\u00f3sitos del Balc\u00f3n, ubicada en la zona serrana del municipio de Ajuchitlan del Progreso y fue ex gerente de una empresa maderera, en la sierra de Guerrero.<br \/>\nEn el lugar del crimen se realizaron las primeras diligencias correspondientes y concluidas, se inform\u00f3 que el cuerpo ser\u00e1 trasladado a la funeraria Abarca habilitada como Servicio M\u00e9dico Forense (SEMEFO) para que se realice la necropsia que establece la Ley.<\/p>\n","protected":false},"excerpt":{"rendered":"<p>*Fungi\u00f3 como ejecutivo de una empresa maderera en la sierra *Le disparan al menos en 15 ocasiones Acapulco, Gro.- El ex comisariado ejidal y ex gerente de la maderera \u00abEl&hellip; <\/p>\n","protected":false},"author":1,"featured_media":0,"comment_status":"open","ping_status":"open","sticky":false,"template":"","format":"standard","meta":{"fifu_image_url":"","fifu_image_alt":"","footnotes":""},"categories":[27],"tags":[],"class_list":["post-3271","post","type-post","status-publish","format-standard","hentry","category-seguridad-publica"],"_links":{"self":[{"href":"https:\/\/www.interaccionnoticias.com.mx\/index.php?rest_route=\/wp\/v2\/posts\/3271","targetHints":{"allow":["GET"]}}],"collection":[{"href":"https:\/\/www.interaccionnoticias.com.mx\/index.php?rest_route=\/wp\/v2\/posts"}],"about":[{"href":"https:\/\/www.interaccionnoticias.com.mx\/index.php?rest_route=\/wp\/v2\/types\/post"}],"author":[{"embeddable":true,"href":"https:\/\/www.interaccionnoticias.com.mx\/index.php?rest_route=\/wp\/v2\/users\/1"}],"replies":[{"embeddable":true,"href":"https:\/\/www.interaccionnoticias.com.mx\/index.php?rest_route=%2Fwp%2Fv2%2Fcomments&post=3271"}],"version-history":[{"count":0,"href":"https:\/\/www.interaccionnoticias.com.mx\/index.php?rest_route=\/wp\/v2\/posts\/3271\/revisions"}],"wp:attachment":[{"href":"https:\/\/www.interaccionnoticias.com.mx\/index.php?rest_route=%2Fwp%2Fv2%2Fmedia&parent=3271"}],"wp:term":[{"taxonomy":"category","embeddable":true,"href":"https:\/\/www.interaccionnoticias.com.mx\/index.php?rest_route=%2Fwp%2Fv2%2Fcategories&post=3271"},{"taxonomy":"post_tag","embeddable":true,"href":"https:\/\/www.interaccionnoticias.com.mx\/index.php?rest_route=%2Fwp%2Fv2%2Ftags&post=3271"}],"curies":[{"name":"wp","href":"https:\/\/api.w.org\/{rel}","templated":true}]}}