{"id":3268,"date":"2017-03-31T19:24:16","date_gmt":"2017-04-01T01:24:16","guid":{"rendered":"http:\/\/www.inter-accion.com.mx\/?p=3268"},"modified":"2017-03-31T19:24:16","modified_gmt":"2017-04-01T01:24:16","slug":"grupos-de-la-ceteg-bloquean-avenidas-de-chilpancingo","status":"publish","type":"post","link":"https:\/\/www.interaccionnoticias.com.mx\/?p=3268","title":{"rendered":"Grupos de la CETEG bloquean avenidas  de Chilpancingo"},"content":{"rendered":"<ul>\n<li>Por separado, piden la integraci\u00f3n al FONE del personal administrativo<\/li>\n<\/ul>\n<p>&nbsp;<br \/>\n&nbsp;<br \/>\nPor separado, dos fracciones de la Coordinadora Estatal de Trabajadores de la Educaci\u00f3n de Guerrero (CETEG) bloquearon calles en Chilpancingo y tomaron la Coordinaci\u00f3n de Administraci\u00f3n y Finanzas de la Secretar\u00eda de Educaci\u00f3n de Guerrero (SEG), exigen la incorporaci\u00f3n de 7 mil trabajadores administrativos &nbsp;al Fondo Nacional de Aportaci\u00f3n a la N\u00f3mina Educativa (FONE).<br \/>\nLa primera movilizaci\u00f3n estuvo a cargo del grupo que representa la profesora Antonia Morales V\u00e9lez, que de primera instancia se apoderaron del edificio que alberga a la Coordinaci\u00f3n de Finanzas de la SEG, en la colonia Universal de Chilpancingo.<br \/>\nLos manifestantes desalojaron a los trabajadores del inmueble, despu\u00e9s se apostaron en las puertas de acceso y los pasillos, adem\u00e1s de que cerraron la calle frontal.<br \/>\nMorales V\u00e9lez explic\u00f3 que son 7 mil los trabajadores administrativas que no est\u00e1n incorporados al FONE, raz\u00f3n por la que no tienen acceso a diferentes prestaciones de ley.<br \/>\nExplic\u00f3 que algunos administrativos resultaron sorteados con cr\u00e9ditos de vivienda, sin embargo, no pudieron acceder a los mismos por no estar reconocidos por el gobierno federal, ya que sus cotizaciones de 10 o 20 a\u00f1os no se reconocen.<br \/>\nIncluso, destac\u00f3 que hay casos de empleados que han fallecido, pero sus familias no han hecho efectivos los seguros de vida porque no est\u00e1n incorporados al esquema nacional.<br \/>\nLa toma de la Casa Blanca -como se conoce al edificio que alberga la Coordinaci\u00f3n de Finanzas de la SEG-, no fue suficiente para sentar a dialogar a funcionarios de la dependencia, raz\u00f3n por la que se trasladaron hacia los cuatro carriles de la avenida L\u00e1zaro C\u00e1rdenas, en donde bloquearon la circulaci\u00f3n de los veh\u00edculos en la parte sur de la ciudad.<br \/>\nCasi a la par, integrantes de la fracci\u00f3n que dirige el nuevo l\u00edder de la CETEG, Arcangel Ram\u00edrez Perulero se posicionaron del crucero que forman las avenidas Ruffo Figueroa, L\u00e1zaro C\u00e1rdenas y el boulevard Ren\u00e9 Ju\u00e1rez Cisneros, tambi\u00e9n para exigir la incorporaci\u00f3n del personal administrativo al FONE.<br \/>\nLos bloqueos se prolongaron hasta entrada la tarde en la parte sur de la ciudad, en ning\u00fan momento los dos grupos cerraron filas, siempre cuidaron que sus actividades se desarrollaran por separado.<\/p>\n","protected":false},"excerpt":{"rendered":"<p>Por separado, piden la integraci\u00f3n al FONE del personal administrativo &nbsp; &nbsp; Por separado, dos fracciones de la Coordinadora Estatal de Trabajadores de la Educaci\u00f3n de Guerrero (CETEG) bloquearon calles&hellip; <\/p>\n","protected":false},"author":1,"featured_media":0,"comment_status":"open","ping_status":"open","sticky":false,"template":"","format":"standard","meta":{"fifu_image_url":"","fifu_image_alt":"","footnotes":""},"categories":[6,8],"tags":[],"class_list":["post-3268","post","type-post","status-publish","format-standard","hentry","category-educacion","category-featured"],"_links":{"self":[{"href":"https:\/\/www.interaccionnoticias.com.mx\/index.php?rest_route=\/wp\/v2\/posts\/3268","targetHints":{"allow":["GET"]}}],"collection":[{"href":"https:\/\/www.interaccionnoticias.com.mx\/index.php?rest_route=\/wp\/v2\/posts"}],"about":[{"href":"https:\/\/www.interaccionnoticias.com.mx\/index.php?rest_route=\/wp\/v2\/types\/post"}],"author":[{"embeddable":true,"href":"https:\/\/www.interaccionnoticias.com.mx\/index.php?rest_route=\/wp\/v2\/users\/1"}],"replies":[{"embeddable":true,"href":"https:\/\/www.interaccionnoticias.com.mx\/index.php?rest_route=%2Fwp%2Fv2%2Fcomments&post=3268"}],"version-history":[{"count":0,"href":"https:\/\/www.interaccionnoticias.com.mx\/index.php?rest_route=\/wp\/v2\/posts\/3268\/revisions"}],"wp:attachment":[{"href":"https:\/\/www.interaccionnoticias.com.mx\/index.php?rest_route=%2Fwp%2Fv2%2Fmedia&parent=3268"}],"wp:term":[{"taxonomy":"category","embeddable":true,"href":"https:\/\/www.interaccionnoticias.com.mx\/index.php?rest_route=%2Fwp%2Fv2%2Fcategories&post=3268"},{"taxonomy":"post_tag","embeddable":true,"href":"https:\/\/www.interaccionnoticias.com.mx\/index.php?rest_route=%2Fwp%2Fv2%2Ftags&post=3268"}],"curies":[{"name":"wp","href":"https:\/\/api.w.org\/{rel}","templated":true}]}}