{"id":32678,"date":"2021-03-29T16:56:00","date_gmt":"2021-03-29T22:56:00","guid":{"rendered":"http:\/\/www.inter-accion.com.mx\/?p=32678"},"modified":"2021-03-29T16:56:00","modified_gmt":"2021-03-29T22:56:00","slug":"32678","status":"publish","type":"post","link":"https:\/\/www.interaccionnoticias.com.mx\/?p=32678","title":{"rendered":"L\u00f3pez Rosas: \u201cNo hay razones para marchar en defensa de F\u00e9lix\u201d"},"content":{"rendered":"\n<p><strong><em>&#8211; El ex alcalde de Acapulco asegura lo m\u00e1s conveniente, es que Salgado renuncie a la candidatura y deje de afectar la imagen del presidente L\u00f3pez Obrador<\/em><\/strong><br><br><strong>Rogelio Agust\u00edn<\/strong><br><br>El ex alcalde de Acapulco, Alberto L\u00f3pez Rosas sostuvo que no hay razones para marchar en defensa de F\u00e9lix Salgado Macedonio, pues a diferencia de otros tiempos, hoy no es v\u00edctima de persecuci\u00f3n pol\u00edtica del gobierno, ni estatal ni de la federaci\u00f3n, de tal suerte que lo mejor es que renuncie a la candidatura a gobernador por Morena, para no afectar el proyecto que a nivel nacional encabeza el presidente Andr\u00e9s Manuel L\u00f3pez Obrador.<br>Quien fuera precandidato a la gubernatura por Morena, reconoci\u00f3 que tiene motivos personales e institucionales para cuestionar la postulaci\u00f3n de F\u00e9lix Salgado Macedonio, los cuales se mantienen vigentes.<br>Indic\u00f3 que tiene diferencias personales con el senador con licencia: \u201cPor la forma en que infundada y cruelmente atac\u00f3 el fin de mi gobierno (como alcalde) y posteriormente, por la manera en que gobern\u00f3 a Acapulco\u201d.<br>Manifest\u00f3 que fue severo en los cuestionamientos, a Salgado hasta que fue ratificado como candidato, a principios de marzo, pues decidi\u00f3 guardar silencio por prudencia, ya que de mantenerse en la misma ruta tendr\u00eda que abandonar las filas de Morena, ya que e seguir dentro y con una actitud critica se convertir\u00eda en un esquirol.<br>Entre otras cosas se\u00f1al\u00f3 que se mantiene en las filas de Morona por la fe que tiene en el proyecto del presidente L\u00f3pez Obrador.<br>Sin embargo, ahora que la candidatura a sido cancelada incluso hasta por el \u00f3rgano electoral local, L\u00f3pez Rosas asegura: \u201cHemos llegado ya a extremos al sostener esa candidatura, la liga est\u00e1 por romperse como no hab\u00eda necesidad. Todas las encuestas publicadas, si hay que creerles, daban a MORENA, muy por encima de todos los aspirantes, incluyendo a F\u00e9lix, el partido ganaba\u201d.<br>Y lanza un cuestionamiento respecto a las marchas que se est\u00e1n convocando en diferentes puntos de la entidad: \u00bfPor qu\u00e9 llegar ahora a una movilizaci\u00f3n que altera la vida pol\u00edtica del estado y pone en riesgos los triunfos de Morena?<br>Argument\u00f3: \u201cViv\u00ed represi\u00f3n pol\u00edtica en mis aspiraciones, venia de los gobiernos priistas, hoy no hay esa persecuci\u00f3n desde el gobierno contra F\u00e9lix, lo persiguen voces de mujeres que se dicen agraviadas, es distinto a la persecuci\u00f3n pol\u00edtica que vivimos como opositores en el pasado. Su popularidad, est\u00e1 alejada de su responsabilidad, cuando es gobierno\u201d.<br>L\u00f3pez Rosas segura que para retornar a la confianza de la sociedad, lo recomendable es que Salgado Macedonio renuncie a su pretensi\u00f3n de ser gobernador, \u201cque afronte los cuestionamientos legales y le descargue al presidente una carga de desgaste innecesaria\u201d.<br>Por eso indic\u00f3: \u201cSi sufriera persecuci\u00f3n del gobierno, ser\u00eda solidario con \u00e9l, como lo fui en el \u00c9xodo por la Democracia (en 1999) pero ahora es diferente, admit\u00e1moslo, estamos perdiendo lo m\u00e1s por lo menos.<br>No hagamos m\u00e1s da\u00f1o a La Esperanza de M\u00e9xico\u201d.<\/p>\n","protected":false},"excerpt":{"rendered":"<p>&#8211; El ex alcalde de Acapulco asegura lo m\u00e1s conveniente, es que Salgado renuncie a la candidatura y deje de afectar la imagen del presidente L\u00f3pez Obrador Rogelio Agust\u00edn El&hellip; <\/p>\n","protected":false},"author":1,"featured_media":32677,"comment_status":"open","ping_status":"open","sticky":false,"template":"","format":"standard","meta":{"fifu_image_url":"","fifu_image_alt":"","footnotes":""},"categories":[25],"tags":[167],"class_list":["post-32678","post","type-post","status-publish","format-standard","has-post-thumbnail","hentry","category-ruta-2021","tag-ruta-el-toro"],"_links":{"self":[{"href":"https:\/\/www.interaccionnoticias.com.mx\/index.php?rest_route=\/wp\/v2\/posts\/32678","targetHints":{"allow":["GET"]}}],"collection":[{"href":"https:\/\/www.interaccionnoticias.com.mx\/index.php?rest_route=\/wp\/v2\/posts"}],"about":[{"href":"https:\/\/www.interaccionnoticias.com.mx\/index.php?rest_route=\/wp\/v2\/types\/post"}],"author":[{"embeddable":true,"href":"https:\/\/www.interaccionnoticias.com.mx\/index.php?rest_route=\/wp\/v2\/users\/1"}],"replies":[{"embeddable":true,"href":"https:\/\/www.interaccionnoticias.com.mx\/index.php?rest_route=%2Fwp%2Fv2%2Fcomments&post=32678"}],"version-history":[{"count":0,"href":"https:\/\/www.interaccionnoticias.com.mx\/index.php?rest_route=\/wp\/v2\/posts\/32678\/revisions"}],"wp:featuredmedia":[{"embeddable":true,"href":"https:\/\/www.interaccionnoticias.com.mx\/index.php?rest_route=\/wp\/v2\/media\/32677"}],"wp:attachment":[{"href":"https:\/\/www.interaccionnoticias.com.mx\/index.php?rest_route=%2Fwp%2Fv2%2Fmedia&parent=32678"}],"wp:term":[{"taxonomy":"category","embeddable":true,"href":"https:\/\/www.interaccionnoticias.com.mx\/index.php?rest_route=%2Fwp%2Fv2%2Fcategories&post=32678"},{"taxonomy":"post_tag","embeddable":true,"href":"https:\/\/www.interaccionnoticias.com.mx\/index.php?rest_route=%2Fwp%2Fv2%2Ftags&post=32678"}],"curies":[{"name":"wp","href":"https:\/\/api.w.org\/{rel}","templated":true}]}}