{"id":32674,"date":"2021-03-29T16:07:00","date_gmt":"2021-03-29T22:07:00","guid":{"rendered":"http:\/\/www.inter-accion.com.mx\/?p=32674"},"modified":"2021-03-29T16:07:00","modified_gmt":"2021-03-29T22:07:00","slug":"32674","status":"publish","type":"post","link":"https:\/\/www.interaccionnoticias.com.mx\/?p=32674","title":{"rendered":"La democracia, la ley y las mujeres se respetan, revira Alberto Catal\u00e1n a MORENA"},"content":{"rendered":"\n<p><strong>Chilpancingo, Guerrero, 29 de marzo de 2021.-<\/strong> \u201cLa democracia y la ley, al igual que las mujeres, deben cuidarse y respetarse\u201d, expres\u00f3 el dirigente estatal del PRD en Guerrero, Alberto Catal\u00e1n Bastida.<br>Durante entrevista para un noticiero de Chilpancingo, Catal\u00e1n Bastida respondi\u00f3, a pregunta expresa, sobre los amagos que hacen en MORENA para obstaculizar el desarrollo de las elecciones, toda vez que no sea restituida la candidatura de F\u00e9lix Salgado Macedonio.<br>Al respecto, dijo que ese instituto pol\u00edtico, intenta \u201cmanipular y hacer c\u00f3mplices de sus acciones de movilizaci\u00f3n a sus seguidores\u201d<br>\u201cTiene que quedar muy claro, esto no va a resolverse en las calles, sino ante las instancias correspondientes\u201d, acot\u00f3.<br>Calific\u00f3, como grave, el llamado a impedir las elecciones, y dijo que \u201ccausa mucha pena, sobre todo, viniendo de un candidato a la gubernatura\u201d.<br>Sobre la descalificaci\u00f3n que hace el dirigente de Morena al \u00f3rgano electoral, consider\u00f3 que esto pone en evidencia la falta de argumentos para justificar su incompetencia.<br>Agreg\u00f3 que la estrategia de los morenistas, es victimizar a F\u00e9lix Salgado ante la decisi\u00f3n del INE de retirarle la candidatura, pero record\u00f3 que ocurri\u00f3 lo mismo con otros candidatos que incurrieron en la omisi\u00f3n a la hora de rendir cuentas ante el INE.<br>Catal\u00e1n Bastida advirti\u00f3, que en Morena muestran indiferencia en cuanto al respeto de la ley y de las instituciones.<br>Critic\u00f3 su falta de organizaci\u00f3n y de principios, dijo que \u201cmuestra de todo ello, son sus procesos internos, marcados por la imposici\u00f3n, simulaci\u00f3n y corrupci\u00f3n\u201d.<\/p>\n","protected":false},"excerpt":{"rendered":"<p>Chilpancingo, Guerrero, 29 de marzo de 2021.- \u201cLa democracia y la ley, al igual que las mujeres, deben cuidarse y respetarse\u201d, expres\u00f3 el dirigente estatal del PRD en Guerrero, Alberto&hellip; <\/p>\n","protected":false},"author":1,"featured_media":32673,"comment_status":"open","ping_status":"open","sticky":false,"template":"","format":"standard","meta":{"fifu_image_url":"","fifu_image_alt":"","footnotes":""},"categories":[25],"tags":[41],"class_list":["post-32674","post","type-post","status-publish","format-standard","has-post-thumbnail","hentry","category-ruta-2021","tag-alberto-catalan"],"_links":{"self":[{"href":"https:\/\/www.interaccionnoticias.com.mx\/index.php?rest_route=\/wp\/v2\/posts\/32674","targetHints":{"allow":["GET"]}}],"collection":[{"href":"https:\/\/www.interaccionnoticias.com.mx\/index.php?rest_route=\/wp\/v2\/posts"}],"about":[{"href":"https:\/\/www.interaccionnoticias.com.mx\/index.php?rest_route=\/wp\/v2\/types\/post"}],"author":[{"embeddable":true,"href":"https:\/\/www.interaccionnoticias.com.mx\/index.php?rest_route=\/wp\/v2\/users\/1"}],"replies":[{"embeddable":true,"href":"https:\/\/www.interaccionnoticias.com.mx\/index.php?rest_route=%2Fwp%2Fv2%2Fcomments&post=32674"}],"version-history":[{"count":0,"href":"https:\/\/www.interaccionnoticias.com.mx\/index.php?rest_route=\/wp\/v2\/posts\/32674\/revisions"}],"wp:featuredmedia":[{"embeddable":true,"href":"https:\/\/www.interaccionnoticias.com.mx\/index.php?rest_route=\/wp\/v2\/media\/32673"}],"wp:attachment":[{"href":"https:\/\/www.interaccionnoticias.com.mx\/index.php?rest_route=%2Fwp%2Fv2%2Fmedia&parent=32674"}],"wp:term":[{"taxonomy":"category","embeddable":true,"href":"https:\/\/www.interaccionnoticias.com.mx\/index.php?rest_route=%2Fwp%2Fv2%2Fcategories&post=32674"},{"taxonomy":"post_tag","embeddable":true,"href":"https:\/\/www.interaccionnoticias.com.mx\/index.php?rest_route=%2Fwp%2Fv2%2Ftags&post=32674"}],"curies":[{"name":"wp","href":"https:\/\/api.w.org\/{rel}","templated":true}]}}