{"id":32666,"date":"2021-03-29T15:58:00","date_gmt":"2021-03-29T21:58:00","guid":{"rendered":"http:\/\/www.inter-accion.com.mx\/?p=32666"},"modified":"2021-03-29T15:58:00","modified_gmt":"2021-03-29T21:58:00","slug":"32666","status":"publish","type":"post","link":"https:\/\/www.interaccionnoticias.com.mx\/?p=32666","title":{"rendered":"Morena no designar\u00e1 candidato sustituto a la gubernatura de Guerrero"},"content":{"rendered":"\n<p><strong><em>&#8211; Se mantendr\u00e1n en la defensa de F\u00e9lix Salgado<\/em><\/strong><br><strong><em>&#8211; Si hay boicot a las elecciones, ser\u00e1 culpa del INE, dice el dirigente estatal<\/em><\/strong><br><br><strong>Rogelio Agust\u00edn<\/strong><br><br>El dirigente estatal de Morena, Marcial Rodr\u00edguez Salda\u00f1a sostuvo que su partido no registrar\u00e1 candidato sustituto a la gubernatura, pues se mantendr\u00e1 en la ruta de la defensa jur\u00eddica y pol\u00edtica de su abanderado; F\u00e9lix Salgado Macedonio.<br>En Chilpancingo, Rodr\u00edguez Salda\u00f1a manifest\u00f3 que los seguidores de Salgado Macedonio, as\u00ed como la dirigencia y militancia de Morena se encuentran muy agraviados y ofendidos por la decisi\u00f3n asumida en el Consejo General del Instituto Nacional Electoral (INE), misma que ya fue ratificada por el \u00f3rgano electoral de Guerrero.<br>Se refiri\u00f3 a los consejeros del INE como individuos que tienen un salario superior a los 500 mil pesos mensuales, mismos que asegur\u00f3: \u201cDerrochan el dinero del pueblo\u201d.<br>Dijo que en t\u00e9rminos llanos, lo que los consejeros electorales hacen, es pretender arrebatar la candidatura de Salgado Macedonio, misma que ha sido ratificada ampliamente por la ciudadan\u00eda de Guerrero.<br>Por eso indic\u00f3: \u201cNo nos vamos a dejar, estamos acostumbrados a luchar y triunfar contra la adversidad\u201d.<br>Dijo que la defensa de Salgado se desarrollar\u00e1 en dos vertientes: la primera por la v\u00eda legal ante el Tribunal Electoral de la Federaci\u00f3n (TEPJF) y la segunda por la v\u00eda de la movilizaci\u00f3n.<br>Explic\u00f3 que solicit\u00f3 al Instituto Electoral y de Participaci\u00f3n Ciudadana (IEPC), un documento en el que se confirme que Morena registr\u00f3 precampa\u00f1as y si hay un documento de esta naturaleza que se le entregara una copia certificada.<br>\u201cMe van a contestar que no, porque nosotros no registramos precampa\u00f1as y no est\u00e1bamos obligados a rendir informes de alg\u00fan precandidato\u201d.<br>M\u00e1s all\u00e1 de la v\u00eda legal, indic\u00f3 que se trabajar\u00e1 en la ruta de la movilizaci\u00f3n, por eso es que ya se alista una mega marcha para el mi\u00e9rcoles 31 de marzo, la cual anticip\u00f3, ser\u00e1 muy concurrida porque vendr\u00e1n seguidores de las siete regiones, pero tendr\u00e1 la caracter\u00edstica de ser pac\u00edfica.<br>Cuestionado sobre la posibilidad de que Morena tenga un candidato provisional a la gubernatura de Guerrero, Rodr\u00edguez Salda\u00f1a manifest\u00f3 que no habr\u00e1 tal, pues se tiene la certeza de que el TEPJF habr\u00e1 de restituir la candidatura, porque es producto de la voluntad popular.<\/p>\n\n\n\n<p>Culpa del INE, si no hay elecciones en Guerrero<\/p>\n\n\n\n<p>Respecto al llamado hecho por el senador con licencia, F\u00e9lix Salgado Macedonio, en el sentido de que no habr\u00e1 elecciones en caso de que no le restituyan la candidatura, el dirigente estatal de Morena asumi\u00f3 que se encuentra en la misma ruta.<br>Y destac\u00f3: \u201cSi el INE no quiere aceptar lo que el pueblo decidi\u00f3, de tener un candidato, quiere decir que el INE no quiere que haya elecci\u00f3n en Guerrero\u201d.<br>En consecuencia, destac\u00f3 que las acciones a tomar se van a intensificar con base a las evaluaciones que se realicen durante los pr\u00f3ximos d\u00edas.<\/p>\n","protected":false},"excerpt":{"rendered":"<p>&#8211; Se mantendr\u00e1n en la defensa de F\u00e9lix Salgado&#8211; Si hay boicot a las elecciones, ser\u00e1 culpa del INE, dice el dirigente estatal Rogelio Agust\u00edn El dirigente estatal de Morena,&hellip; <\/p>\n","protected":false},"author":1,"featured_media":32665,"comment_status":"open","ping_status":"open","sticky":false,"template":"","format":"standard","meta":{"fifu_image_url":"","fifu_image_alt":"","footnotes":""},"categories":[25],"tags":[167],"class_list":["post-32666","post","type-post","status-publish","format-standard","has-post-thumbnail","hentry","category-ruta-2021","tag-ruta-el-toro"],"_links":{"self":[{"href":"https:\/\/www.interaccionnoticias.com.mx\/index.php?rest_route=\/wp\/v2\/posts\/32666","targetHints":{"allow":["GET"]}}],"collection":[{"href":"https:\/\/www.interaccionnoticias.com.mx\/index.php?rest_route=\/wp\/v2\/posts"}],"about":[{"href":"https:\/\/www.interaccionnoticias.com.mx\/index.php?rest_route=\/wp\/v2\/types\/post"}],"author":[{"embeddable":true,"href":"https:\/\/www.interaccionnoticias.com.mx\/index.php?rest_route=\/wp\/v2\/users\/1"}],"replies":[{"embeddable":true,"href":"https:\/\/www.interaccionnoticias.com.mx\/index.php?rest_route=%2Fwp%2Fv2%2Fcomments&post=32666"}],"version-history":[{"count":0,"href":"https:\/\/www.interaccionnoticias.com.mx\/index.php?rest_route=\/wp\/v2\/posts\/32666\/revisions"}],"wp:featuredmedia":[{"embeddable":true,"href":"https:\/\/www.interaccionnoticias.com.mx\/index.php?rest_route=\/wp\/v2\/media\/32665"}],"wp:attachment":[{"href":"https:\/\/www.interaccionnoticias.com.mx\/index.php?rest_route=%2Fwp%2Fv2%2Fmedia&parent=32666"}],"wp:term":[{"taxonomy":"category","embeddable":true,"href":"https:\/\/www.interaccionnoticias.com.mx\/index.php?rest_route=%2Fwp%2Fv2%2Fcategories&post=32666"},{"taxonomy":"post_tag","embeddable":true,"href":"https:\/\/www.interaccionnoticias.com.mx\/index.php?rest_route=%2Fwp%2Fv2%2Ftags&post=32666"}],"curies":[{"name":"wp","href":"https:\/\/api.w.org\/{rel}","templated":true}]}}