{"id":32654,"date":"2021-03-29T13:23:00","date_gmt":"2021-03-29T19:23:00","guid":{"rendered":"http:\/\/www.inter-accion.com.mx\/?p=32654"},"modified":"2021-03-29T13:23:00","modified_gmt":"2021-03-29T19:23:00","slug":"32654","status":"publish","type":"post","link":"https:\/\/www.interaccionnoticias.com.mx\/?p=32654","title":{"rendered":"F\u00e9lix Salgado nunca fue confirmado como precandidato de Morena ante el IEPC, informa el instituto"},"content":{"rendered":"\n<p><strong><em>&#8211; La cancelaci\u00f3n de su candidatura a gobernador por Morena se basa en que no present\u00f3 gastos de precampa\u00f1a, pero oficialmente nunca fue precandidato<\/em><\/strong><br><br><strong>SNI<\/strong><br><br><strong>Chilpancingo, Gro., 29 de marzo de 2021.-<\/strong> La Secretar\u00eda Ejecutiva del Instituto Electoral y de Participaci\u00f3n Ciudadana (IEPC) confirm\u00f3 que Morena no registr\u00f3 a F\u00e9lix Salgado Macedonio y a ning\u00fan otro aspirante como precandidatos a la gubernatura de Guerrero.<\/p>\n\n\n\n<p>La noche del jueves, el Consejo General del Instituto Nacional Electoral (INE) cancel\u00f3 la candidatura de Salgado Macedonio, bajo el argumento de que no present\u00f3 el informe de ingresos y gastos de precampa\u00f1a.<\/p>\n\n\n\n<p>La tarde del viernes 26 de marzo, el abanderado de Morena inform\u00f3 que impugnar\u00eda esa decisi\u00f3n ante el Tribunal Electoral del Poder Judicial de la Federaci\u00f3n (TEPJF), pues se\u00f1al\u00f3 que nunca fue precandidato y por ende, no hizo precampa\u00f1a.<\/p>\n\n\n\n<p>\u201cMorena nunca me eligi\u00f3 precandidato y si el INE tiene un documento donde Morena oficialmente me haya elegido precandidato, entonces me retiro, pero el INE no tiene ning\u00fan documento\u201d, sentenci\u00f3 Salgado desde un mitin realizado en Coyuca de Ben\u00edtez, el \u00faltimo que encabez\u00f3 antes de suspender su gira proselitista.<\/p>\n\n\n\n<p>El s\u00e1bado 27 de marzo, el representante de Morena ante el IEPC, Carlos Alberto Villalpando Mili\u00e1n, solicit\u00f3 al \u00f3rgano electoral la informaci\u00f3n sobre precandidaturas a la gubernatura de Guerrero, mediante oficio 052\/Rmorena\/IEPC\/2021.<\/p>\n\n\n\n<p>Mediante oficio n\u00famero 0884\/2021, la Secretar\u00eda Ejecutiva del IEPC confirm\u00f3 que no existe antecedente de que Salgado Macedonio, o alg\u00fan otro aspirante, hayan sido confirmados como precandidatos de Morena a gobernador.<\/p>\n\n\n\n<p>\u201cDe una b\u00fasqueda realizada en los archivos que obran en este \u00f3rgano electoral, de manera particular en lo relacionado a los procesos internos de selecci\u00f3n de candidaturas del partido Morena, no obra informaci\u00f3n alguna en la cual conste que el partido que representa haya comunicado a este instituto electoral los datos de personas a quienes haya registrado u otorgado la calidad de precandidaturas para el cargo de gubernatura del estado\u201d, se indica textualmente en un documento firmado por el secretario ejecutivo del IEPC, Pedro Pablo Mart\u00ednez Cruz.<\/p>\n\n\n\n<p>Asimismo, se precis\u00f3 que el registro de aspirantes se realiza al interior de los procesos internos de selecci\u00f3n de los partidos pol\u00edticos; posteriormente se comunica al IEPC la relaci\u00f3n de las personas a quienes hayan otorgado la calidad de precandidatos, seg\u00fan dispone el art\u00edculo 261 de la Ley de Instituciones y Procedimientos Electorales del Estado de Guerrero.<\/p>\n","protected":false},"excerpt":{"rendered":"<p>&#8211; La cancelaci\u00f3n de su candidatura a gobernador por Morena se basa en que no present\u00f3 gastos de precampa\u00f1a, pero oficialmente nunca fue precandidato SNI Chilpancingo, Gro., 29 de marzo&hellip; <\/p>\n","protected":false},"author":1,"featured_media":32653,"comment_status":"open","ping_status":"open","sticky":false,"template":"","format":"standard","meta":{"fifu_image_url":"","fifu_image_alt":"","footnotes":""},"categories":[25],"tags":[167],"class_list":["post-32654","post","type-post","status-publish","format-standard","has-post-thumbnail","hentry","category-ruta-2021","tag-ruta-el-toro"],"_links":{"self":[{"href":"https:\/\/www.interaccionnoticias.com.mx\/index.php?rest_route=\/wp\/v2\/posts\/32654","targetHints":{"allow":["GET"]}}],"collection":[{"href":"https:\/\/www.interaccionnoticias.com.mx\/index.php?rest_route=\/wp\/v2\/posts"}],"about":[{"href":"https:\/\/www.interaccionnoticias.com.mx\/index.php?rest_route=\/wp\/v2\/types\/post"}],"author":[{"embeddable":true,"href":"https:\/\/www.interaccionnoticias.com.mx\/index.php?rest_route=\/wp\/v2\/users\/1"}],"replies":[{"embeddable":true,"href":"https:\/\/www.interaccionnoticias.com.mx\/index.php?rest_route=%2Fwp%2Fv2%2Fcomments&post=32654"}],"version-history":[{"count":0,"href":"https:\/\/www.interaccionnoticias.com.mx\/index.php?rest_route=\/wp\/v2\/posts\/32654\/revisions"}],"wp:featuredmedia":[{"embeddable":true,"href":"https:\/\/www.interaccionnoticias.com.mx\/index.php?rest_route=\/wp\/v2\/media\/32653"}],"wp:attachment":[{"href":"https:\/\/www.interaccionnoticias.com.mx\/index.php?rest_route=%2Fwp%2Fv2%2Fmedia&parent=32654"}],"wp:term":[{"taxonomy":"category","embeddable":true,"href":"https:\/\/www.interaccionnoticias.com.mx\/index.php?rest_route=%2Fwp%2Fv2%2Fcategories&post=32654"},{"taxonomy":"post_tag","embeddable":true,"href":"https:\/\/www.interaccionnoticias.com.mx\/index.php?rest_route=%2Fwp%2Fv2%2Ftags&post=32654"}],"curies":[{"name":"wp","href":"https:\/\/api.w.org\/{rel}","templated":true}]}}