{"id":32638,"date":"2021-03-28T17:49:00","date_gmt":"2021-03-28T23:49:00","guid":{"rendered":"http:\/\/www.inter-accion.com.mx\/?p=32638"},"modified":"2021-03-28T17:49:00","modified_gmt":"2021-03-28T23:49:00","slug":"32638","status":"publish","type":"post","link":"https:\/\/www.interaccionnoticias.com.mx\/?p=32638","title":{"rendered":"Incendio forestal afecta 50 hect\u00e1reas en Xocomanatl\u00e1n"},"content":{"rendered":"\n<p><strong><em>&#8211; Lo combaten bomberos y Protecci\u00f3n Civil municipal<\/em><\/strong><\/p>\n\n\n\n<p><strong>Rogelio Agust\u00edn<\/strong><\/p>\n\n\n\n<p>Personal de Bomberos y Protecci\u00f3n Civil sofocaron un incendio que afect\u00f3 la zona boscosa de Xomomanatl\u00e1n, perteneciente al municipio de Chilpancingo.<br>De acuerdo con Humberto Alarc\u00f3n Alarc\u00f3n, subsecretario de Bomberos y Protecci\u00f3n Civil, el siniestro se gener\u00f3 la jornada del s\u00e1bado 27 de marzo, en la parte serrana de la capital del estado.<br>Alrededor de las 15:00 horas, bomberos mand\u00f3 una unidad de avanzada, ya que se inform\u00f3 que el incendio estaba llegando a las viviendas de Xocomanatl\u00e1n.<br>Un grupo de diez elementos acudieron para combatir el siniestro, reportando que para las 23:00 horas del s\u00e1bado ya hab\u00edan logrado controlar la situaci\u00f3n.<br>Para la ma\u00f1ana del domingo 28 se confirm\u00f3 que tanto bomberos como PC realizaban los trabajos de liquidaci\u00f3n.<br>Entre los datos que se tienen del hecho, es que se afectaron 50 hect\u00e1reas, entre arbolado adulto, de renuevo, pastizales y arbustos.<br>No hubo personas lesionadas, pese a la situaci\u00f3n de alerta que reportaron los habitantes.<\/p>\n","protected":false},"excerpt":{"rendered":"<p>&#8211; Lo combaten bomberos y Protecci\u00f3n Civil municipal Rogelio Agust\u00edn Personal de Bomberos y Protecci\u00f3n Civil sofocaron un incendio que afect\u00f3 la zona boscosa de Xomomanatl\u00e1n, perteneciente al municipio de&hellip; <\/p>\n","protected":false},"author":1,"featured_media":32637,"comment_status":"open","ping_status":"open","sticky":false,"template":"","format":"standard","meta":{"fifu_image_url":"","fifu_image_alt":"","footnotes":""},"categories":[23],"tags":[122],"class_list":["post-32638","post","type-post","status-publish","format-standard","has-post-thumbnail","hentry","category-regionales","tag-incendios-forestales"],"_links":{"self":[{"href":"https:\/\/www.interaccionnoticias.com.mx\/index.php?rest_route=\/wp\/v2\/posts\/32638","targetHints":{"allow":["GET"]}}],"collection":[{"href":"https:\/\/www.interaccionnoticias.com.mx\/index.php?rest_route=\/wp\/v2\/posts"}],"about":[{"href":"https:\/\/www.interaccionnoticias.com.mx\/index.php?rest_route=\/wp\/v2\/types\/post"}],"author":[{"embeddable":true,"href":"https:\/\/www.interaccionnoticias.com.mx\/index.php?rest_route=\/wp\/v2\/users\/1"}],"replies":[{"embeddable":true,"href":"https:\/\/www.interaccionnoticias.com.mx\/index.php?rest_route=%2Fwp%2Fv2%2Fcomments&post=32638"}],"version-history":[{"count":0,"href":"https:\/\/www.interaccionnoticias.com.mx\/index.php?rest_route=\/wp\/v2\/posts\/32638\/revisions"}],"wp:featuredmedia":[{"embeddable":true,"href":"https:\/\/www.interaccionnoticias.com.mx\/index.php?rest_route=\/wp\/v2\/media\/32637"}],"wp:attachment":[{"href":"https:\/\/www.interaccionnoticias.com.mx\/index.php?rest_route=%2Fwp%2Fv2%2Fmedia&parent=32638"}],"wp:term":[{"taxonomy":"category","embeddable":true,"href":"https:\/\/www.interaccionnoticias.com.mx\/index.php?rest_route=%2Fwp%2Fv2%2Fcategories&post=32638"},{"taxonomy":"post_tag","embeddable":true,"href":"https:\/\/www.interaccionnoticias.com.mx\/index.php?rest_route=%2Fwp%2Fv2%2Ftags&post=32638"}],"curies":[{"name":"wp","href":"https:\/\/api.w.org\/{rel}","templated":true}]}}