{"id":32634,"date":"2021-03-28T17:05:00","date_gmt":"2021-03-28T23:05:00","guid":{"rendered":"http:\/\/www.inter-accion.com.mx\/?p=32634"},"modified":"2021-03-28T17:05:00","modified_gmt":"2021-03-28T23:05:00","slug":"32634","status":"publish","type":"post","link":"https:\/\/www.interaccionnoticias.com.mx\/?p=32634","title":{"rendered":"Grave error, amagar con \u201cdescarrilar\u201d la elecci\u00f3n en Guerrero: Celestino Ces\u00e1reo"},"content":{"rendered":"\n<p><strong><em>&#8211; El diputado local sostiene que con o sin F\u00e9lix en la boleta, Morena recibir\u00e1 un descalabro en las elecciones<\/em><\/strong><\/p>\n\n\n\n<p><strong>Rogelio Agust\u00edn<\/strong><\/p>\n\n\n\n<p><strong>Chilpancingo, Guerrero, 28 de marzo de 2021.- <\/strong>El ex coordinador de la bancada del PRD en el Congreso local, Celestino Ces\u00e1reo Guzm\u00e1n sostuvo que resulta un grave error que se pretenda \u201cdescarrilar\u201d la elecci\u00f3n de gobernador en el estado de Guerrero, pues el voto de castigo para Morena es inminente.<\/p>\n\n\n\n<p>Ces\u00e1reo Guzm\u00e1n, sostiene que la advertencia hecha por F\u00e9lix Salgado Macedonio, en el sentido de que no habr\u00eda elecciones en Guerrero en caso de que el Instituto Nacional Electoral (INE) no le restituya su candidatura, es un tanto desproporcionado.<\/p>\n\n\n\n<p>El representante popular asever\u00f3: \u201cSe equivoca F\u00e9lix Salgado al mandar al diablo a las instituciones\u201d, al se\u00f1alar que \u201cel inter\u00e9s de Guerrero, va m\u00e1s all\u00e1 de una ambici\u00f3n personal o de un partido\u201d.<\/p>\n\n\n\n<p>En consecuencia, destac\u00f3 que al presentar la impugnaci\u00f3n correspondiente ante el Tribunal Electoral del Poder Judicial de la Federaci\u00f3n (TEPJF) debe esperar al fallo correspondiente, no amagar con aplicar el boicot en los comicios.<\/p>\n\n\n\n<p>En consecuencia, dirigi\u00f3 un llamado al candidato de Morena para que aclare si dar\u00e1 la pelea por la v\u00eda de las instituciones, o est\u00e1 desconociendo de antemano un fallo en contra.<\/p>\n\n\n\n<p>\u201cLos guerrerenses no queremos vivir en la querella, donde el ganador s\u00f3lo es F\u00e9lix. Tenemos muy presente el a\u00f1o 1993 y 1999\u201d, dijo en referencia a los dos momentos en que Salgado ha sido candidato, en los que ha encabezado sendos conflictos postelectorales.<\/p>\n\n\n\n<p>El representante popular, asegur\u00f3 que con o sin F\u00e9lix Salgado en la boleta, \u201cMorena recibir\u00e1 un rev\u00e9s en las urnas\u201d, por los errores y excesos que ha cometido ya como partido en el poder.<\/p>\n","protected":false},"excerpt":{"rendered":"<p>&#8211; El diputado local sostiene que con o sin F\u00e9lix en la boleta, Morena recibir\u00e1 un descalabro en las elecciones Rogelio Agust\u00edn Chilpancingo, Guerrero, 28 de marzo de 2021.- El&hellip; <\/p>\n","protected":false},"author":1,"featured_media":32633,"comment_status":"open","ping_status":"open","sticky":false,"template":"","format":"standard","meta":{"fifu_image_url":"","fifu_image_alt":"","footnotes":""},"categories":[25],"tags":[],"class_list":["post-32634","post","type-post","status-publish","format-standard","has-post-thumbnail","hentry","category-ruta-2021"],"_links":{"self":[{"href":"https:\/\/www.interaccionnoticias.com.mx\/index.php?rest_route=\/wp\/v2\/posts\/32634","targetHints":{"allow":["GET"]}}],"collection":[{"href":"https:\/\/www.interaccionnoticias.com.mx\/index.php?rest_route=\/wp\/v2\/posts"}],"about":[{"href":"https:\/\/www.interaccionnoticias.com.mx\/index.php?rest_route=\/wp\/v2\/types\/post"}],"author":[{"embeddable":true,"href":"https:\/\/www.interaccionnoticias.com.mx\/index.php?rest_route=\/wp\/v2\/users\/1"}],"replies":[{"embeddable":true,"href":"https:\/\/www.interaccionnoticias.com.mx\/index.php?rest_route=%2Fwp%2Fv2%2Fcomments&post=32634"}],"version-history":[{"count":0,"href":"https:\/\/www.interaccionnoticias.com.mx\/index.php?rest_route=\/wp\/v2\/posts\/32634\/revisions"}],"wp:featuredmedia":[{"embeddable":true,"href":"https:\/\/www.interaccionnoticias.com.mx\/index.php?rest_route=\/wp\/v2\/media\/32633"}],"wp:attachment":[{"href":"https:\/\/www.interaccionnoticias.com.mx\/index.php?rest_route=%2Fwp%2Fv2%2Fmedia&parent=32634"}],"wp:term":[{"taxonomy":"category","embeddable":true,"href":"https:\/\/www.interaccionnoticias.com.mx\/index.php?rest_route=%2Fwp%2Fv2%2Fcategories&post=32634"},{"taxonomy":"post_tag","embeddable":true,"href":"https:\/\/www.interaccionnoticias.com.mx\/index.php?rest_route=%2Fwp%2Fv2%2Ftags&post=32634"}],"curies":[{"name":"wp","href":"https:\/\/api.w.org\/{rel}","templated":true}]}}