{"id":3258,"date":"2017-03-30T19:47:11","date_gmt":"2017-03-31T01:47:11","guid":{"rendered":"http:\/\/www.inter-accion.com.mx\/?p=3258"},"modified":"2017-03-30T19:47:11","modified_gmt":"2017-03-31T01:47:11","slug":"confian-en-unidad-de-izquierdas-antes-de-visita-de-amlo-a-chilpancingo-senalan-ex-dirigentes-del-prd","status":"publish","type":"post","link":"https:\/\/www.interaccionnoticias.com.mx\/?p=3258","title":{"rendered":"Conf\u00edan en unidad de izquierdas, antes de visita de AMLO a Chilpancingo, se\u00f1alan ex dirigentes del PRD"},"content":{"rendered":"<div class=\"adn ads\">\n<div class=\"gs\">\n<div id=\":s5\" class=\"ii gt adP adO\">\n<div id=\":s4\" class=\"a3s aXjCH m15b2200ee6c39a9d\">\n<div dir=\"auto\">\nEl grupo de ex dirigentes estatales del Partido de la Revoluci\u00f3n Democr\u00e1tica (PRD), encabezados por Sa\u00fal L\u00f3pez Sollano, se\u00f1alaron que hay confianza en que exist\u00edan buenos v\u00ednculos con el partido Movimiento Regeneraci\u00f3n Nacional (MORENA), para la visita del aspirante presidencial, Andr\u00e9s Manuel L\u00f3pez Obrador.<br \/>\nEl grupo, lo conforma Misael Medrano Baza, Ranferi Hern\u00e1ndez Acevedo y F\u00e9lix Salgado Macedonio, los cuales han hecho saber a la dirigencia estatal del partido del sol azteca, de sus intenciones por unificar a las izquierdas en Guerrero, en un proyecto que encabece L\u00f3pez Obrador.<br \/>\nTras una reuni\u00f3n del grupo de ex presidentes estatales, en un restaurante al sur de la ciudad, el coordinador estatal de \u2018Por M\u00e9xico Hoy\u2019, Eloy Cisneros Guill\u00e9n confi\u00f3 que para el 6 de mayo, que es la fecha en la que L\u00f3pez Obrador visitar\u00e1 la capital guerrerense, las izquierdas en la entidad, puedan estar unidas y organizadas para ganar la presidencia la rep\u00fablica el pr\u00f3ximo a\u00f1o.<br \/>\nEn respuesta a esa visita que realizar\u00e1 el tambi\u00e9n presidente nacional de MORENA, se\u00f1al\u00f3 que este viernes se tiene contemplada una posible reuni\u00f3n con el dirigente estatal en Guerrero, Pablo Am\u00edlcar Sandoval, quien \u201cha abierto muchas posibilidades de unidad\u201d.<br \/>\nAunque Am\u00edlcar Sandoval ha descartado cualquier tipo de alianza con el PRD y nulas posibilidades de entablar un di\u00e1logo, al menos con la dirigencia estatal, el ex secretario general del partido del sol azteca, Sa\u00fal L\u00f3pez Sollano, asegur\u00f3 que actualmente existe sensibilidad para propiciar la unidad.<br \/>\n\u201cSe mira un cambio en la direcci\u00f3n estatal, es un avance la reuni\u00f3n de ma\u00f1ana en Chilpancingo\u2026 para coordinar el evento del 6 de mayo. Es una agenda pol\u00edtica e iremos m\u00e1s all\u00e1 de la coordinaci\u00f3n del evento\u201d, apunt\u00f3 L\u00f3pez Sollano.<br \/>\nDe acuerdo con el secretario general del Comit\u00e9 Ejecutivo Estatal de MORENA, Marcial Rodr\u00edguez Salda\u00f1a, se tiene contemplada la visita de Andr\u00e9s Manuel L\u00f3pez Obrador, el pr\u00f3ximo 6 de mayo en Chilpancingo, para la firma del acuerdo pol\u00edtico de unidad por la Prosperidad del Pueblo y el Renacimiento de M\u00e9xico.<\/div>\n<div class=\"yj6qo\">&nbsp;<\/div>\n<\/div>\n<\/div>\n<div id=\":u2\" class=\"hq gt a10\">\n<div class=\"hp\">&nbsp;<\/div>\n<div class=\"a3I\">&nbsp;<\/div>\n<div id=\":vi\" class=\"aQH\">&nbsp;<\/div>\n<\/div>\n<div class=\"hi\">&nbsp;<\/div>\n<\/div>\n<div class=\"ajx\">&nbsp;<\/div>\n<\/div>\n<div class=\"gA gt acV\">&nbsp;<\/div>\n","protected":false},"excerpt":{"rendered":"<p>El grupo de ex dirigentes estatales del Partido de la Revoluci\u00f3n Democr\u00e1tica (PRD), encabezados por Sa\u00fal L\u00f3pez Sollano, se\u00f1alaron que hay confianza en que exist\u00edan buenos v\u00ednculos con el partido&hellip; <\/p>\n","protected":false},"author":1,"featured_media":0,"comment_status":"open","ping_status":"open","sticky":false,"template":"","format":"standard","meta":{"fifu_image_url":"","fifu_image_alt":"","footnotes":""},"categories":[8,18],"tags":[],"class_list":["post-3258","post","type-post","status-publish","format-standard","hentry","category-featured","category-partidos-politicos"],"_links":{"self":[{"href":"https:\/\/www.interaccionnoticias.com.mx\/index.php?rest_route=\/wp\/v2\/posts\/3258","targetHints":{"allow":["GET"]}}],"collection":[{"href":"https:\/\/www.interaccionnoticias.com.mx\/index.php?rest_route=\/wp\/v2\/posts"}],"about":[{"href":"https:\/\/www.interaccionnoticias.com.mx\/index.php?rest_route=\/wp\/v2\/types\/post"}],"author":[{"embeddable":true,"href":"https:\/\/www.interaccionnoticias.com.mx\/index.php?rest_route=\/wp\/v2\/users\/1"}],"replies":[{"embeddable":true,"href":"https:\/\/www.interaccionnoticias.com.mx\/index.php?rest_route=%2Fwp%2Fv2%2Fcomments&post=3258"}],"version-history":[{"count":0,"href":"https:\/\/www.interaccionnoticias.com.mx\/index.php?rest_route=\/wp\/v2\/posts\/3258\/revisions"}],"wp:attachment":[{"href":"https:\/\/www.interaccionnoticias.com.mx\/index.php?rest_route=%2Fwp%2Fv2%2Fmedia&parent=3258"}],"wp:term":[{"taxonomy":"category","embeddable":true,"href":"https:\/\/www.interaccionnoticias.com.mx\/index.php?rest_route=%2Fwp%2Fv2%2Fcategories&post=3258"},{"taxonomy":"post_tag","embeddable":true,"href":"https:\/\/www.interaccionnoticias.com.mx\/index.php?rest_route=%2Fwp%2Fv2%2Ftags&post=3258"}],"curies":[{"name":"wp","href":"https:\/\/api.w.org\/{rel}","templated":true}]}}