{"id":32558,"date":"2021-03-25T20:07:00","date_gmt":"2021-03-26T02:07:00","guid":{"rendered":"http:\/\/www.inter-accion.com.mx\/?p=32558"},"modified":"2021-03-25T20:07:00","modified_gmt":"2021-03-26T02:07:00","slug":"32558","status":"publish","type":"post","link":"https:\/\/www.interaccionnoticias.com.mx\/?p=32558","title":{"rendered":"Desplazados de la Sierra instalan plant\u00f3n en Gobernaci\u00f3n Federal"},"content":{"rendered":"\n<p><strong><em>&#8211; Exigen la firma de acuerdos para regresar a sus pueblos<br><\/em><\/strong><br><strong>Rogelio Agust\u00edn<\/strong><br><br>Desplazados de la Sierra de Leonardo Bravo instalaron un plant\u00f3n en las puertas de la Secretar\u00eda de Gobernaci\u00f3n federal, exigen que se les atienda en su condici\u00f3n de v\u00edctimas, pero adem\u00e1s, que se generen las condiciones para que regresen a sus comunidades.<br>Encabezados por Teodomira Rosales Sierra, representantes del Centro de Derechos Humanos Jos\u00e9 Mar\u00eda Morelos y Pav\u00f3n, los desplazados se\u00f1alaron que este 25 de marzo se cumplieron dos a\u00f1os con cinco meses de vivir en condiciones de desplazamiento interno forzado.<br>Hace casi dos a\u00f1os, los afectados, originarios de pueblos ubicados en la Sierra de Leonardo Bravo, levantaron el plant\u00f3n que por 37 d\u00edas mantuvieron en las puertas del Palacio Nacional, esperando que el presidente Andr\u00e9s Manuel L\u00f3pez Obrador los recibiera y garantizara el regreso seguro a sus comunidades.<br>\u201cHoy estamos aqu\u00ed para reclamar nuestros derechos incumplidos por quienes tienen la obligaci\u00f3n constitucional de hacerlo\u201d, se\u00f1ala el comunicado emitido por el Centro Morelos.<br>En el documento, los desplazados se\u00f1alan que hasta el momento no hay la capacidad o voluntad de construir una estrategia que garantice condiciones de seguridad duradera para su retorno.<br>Por el contrario, aseguran que el grupo armado que los desplaz\u00f3 sigue en posesi\u00f3n de sus patrimonios y de manera constante los presiona para que regresen pero bajo sus condiciones.<br>Se\u00f1alaron que por desesperaci\u00f3n, algunas familias aceptaron las condiciones que se les imponen y comenzaron a acercarse a sus pueblos.<br>M\u00e1s a\u00fan, se\u00f1alan que las autoridades han comprado a algunos de los representantes, para que dejen solas a las familias y estas se dividan, situaci\u00f3n que los har\u00eda declinar de reclamar sus derechos.<br>Dijeron a la SEGOB que hasta el momento han fallecido cinco mujeres y un hombre, en tanto que dos mujeres, a consecuencia de haberse contagiado de covid-19 sufrieron un aborto a los 8 meses de embarazo y otro a los 3 meses de gestaci\u00f3n.<br>Hay 25 personas de los desplazados que dieron positivo de Covid-19, pero a partir de las gestiones del Centro Morelos recibieron atenci\u00f3n m\u00e9dica y pudieron superarlo.<br>Por eso, las familias afectadas se\u00f1alan: \u201cManifestamos nuestra decisi\u00f3n de mantenernos a partir de hoy, 25 de marzo de 2021 en la puertas de la Secretar\u00eda de Gobernaci\u00f3n hasta ser recibidos por el Licenciado Alejandro Encinas Rodr\u00edguez, para que firme una minuta donde se comprometa detalladamente a resolver inmediatamente y de manera satisfactoria nuestras peticiones\u201d.<br>Entre los planteamientos se encuentra la necesidad de crear una ruta que garantice condiciones seguras para regresar a sus comunidades.<br>Piden la reubicaci\u00f3n de todas las familias del municipio de Leonardo Bravo y de Tlaltempanapa, municipio de Zitlala, en el lugar que cada familia elija, otorgando vivienda digna, tierras para sembrar, fuentes de empleo, proyectos productivos de largo y corto plazo.<br>Piden tambi\u00e9n que se otorguen Medidas de Seguridad a las familias, en los lugares en que sean reubicadas.<br>Reclaman que se otorgue el Registro como V\u00edctimas de Desplazamiento Interno Forzado a todas las familias que no lo tienen, pues siempre se les dijo que serian registradas en un segundo grupo.<br>Rosales Sierra considera pertinente que a las familias de los desaparecidos se les otorgue el RENAVI Federal, para tener acceso a los apoyos m\u00e1s dignos.<br>Tambi\u00e9n piden que se cumpla con el compromiso de otorgar atenci\u00f3n m\u00e9dica especializada y de calidad, a las Familias de los Desaparecidos del Colectivo de V\u00edctimas de Chilapa y Pueblos Ind\u00edgenas y a las Familias V\u00edctimas de Desplazamiento Forzado Interno que representa el Centro Morelos.<br>La representante del Centro-Morelos hizo hincapi\u00e9 en el hecho de que la protesta es de car\u00e1cter indefinido.<\/p>\n","protected":false},"excerpt":{"rendered":"<p>&#8211; Exigen la firma de acuerdos para regresar a sus pueblosRogelio Agust\u00edn Desplazados de la Sierra de Leonardo Bravo instalaron un plant\u00f3n en las puertas de la Secretar\u00eda de Gobernaci\u00f3n&hellip; <\/p>\n","protected":false},"author":1,"featured_media":32559,"comment_status":"open","ping_status":"open","sticky":false,"template":"","format":"standard","meta":{"fifu_image_url":"","fifu_image_alt":"","footnotes":""},"categories":[15],"tags":[84],"class_list":["post-32558","post","type-post","status-publish","format-standard","has-post-thumbnail","hentry","category-movimientos-sociales","tag-desplazados"],"_links":{"self":[{"href":"https:\/\/www.interaccionnoticias.com.mx\/index.php?rest_route=\/wp\/v2\/posts\/32558","targetHints":{"allow":["GET"]}}],"collection":[{"href":"https:\/\/www.interaccionnoticias.com.mx\/index.php?rest_route=\/wp\/v2\/posts"}],"about":[{"href":"https:\/\/www.interaccionnoticias.com.mx\/index.php?rest_route=\/wp\/v2\/types\/post"}],"author":[{"embeddable":true,"href":"https:\/\/www.interaccionnoticias.com.mx\/index.php?rest_route=\/wp\/v2\/users\/1"}],"replies":[{"embeddable":true,"href":"https:\/\/www.interaccionnoticias.com.mx\/index.php?rest_route=%2Fwp%2Fv2%2Fcomments&post=32558"}],"version-history":[{"count":0,"href":"https:\/\/www.interaccionnoticias.com.mx\/index.php?rest_route=\/wp\/v2\/posts\/32558\/revisions"}],"wp:featuredmedia":[{"embeddable":true,"href":"https:\/\/www.interaccionnoticias.com.mx\/index.php?rest_route=\/wp\/v2\/media\/32559"}],"wp:attachment":[{"href":"https:\/\/www.interaccionnoticias.com.mx\/index.php?rest_route=%2Fwp%2Fv2%2Fmedia&parent=32558"}],"wp:term":[{"taxonomy":"category","embeddable":true,"href":"https:\/\/www.interaccionnoticias.com.mx\/index.php?rest_route=%2Fwp%2Fv2%2Fcategories&post=32558"},{"taxonomy":"post_tag","embeddable":true,"href":"https:\/\/www.interaccionnoticias.com.mx\/index.php?rest_route=%2Fwp%2Fv2%2Ftags&post=32558"}],"curies":[{"name":"wp","href":"https:\/\/api.w.org\/{rel}","templated":true}]}}