{"id":32554,"date":"2021-03-25T19:51:00","date_gmt":"2021-03-26T01:51:00","guid":{"rendered":"http:\/\/www.inter-accion.com.mx\/?p=32554"},"modified":"2021-03-25T19:51:00","modified_gmt":"2021-03-26T01:51:00","slug":"32554","status":"publish","type":"post","link":"https:\/\/www.interaccionnoticias.com.mx\/?p=32554","title":{"rendered":"Impugnaci\u00f3n y movilizaci\u00f3n, anuncia F\u00e9lix Salgado ante cancelaci\u00f3n de su candidatura"},"content":{"rendered":"\n<p><strong><em>Se trata de defender la voluntad del pueblo, dice en Petatl\u00e1n y anuncia un nuevo \u00e9xodo a la Ciudad de M\u00e9xico.<\/em><\/strong><br><br><strong><em>Petatl\u00e1n, Gro., 25 de marzo de 2021.- <\/em><\/strong>F\u00e9lix Salgado Macedonio anunci\u00f3 que impugnar\u00e1 la determinaci\u00f3n del Instituto Nacional Electoral (INE) de retirarle la candidatura a gobernador por Morena y convoc\u00f3 a los guerrerenses a movilizarse de manera pac\u00edfica para defender la voluntad popular.<\/p>\n\n\n\n<p>Este jueves, el Consejo General del INE resolvi\u00f3 sancionar a Salgado Macedonio con la cancelaci\u00f3n de su candidatura, bajo el argumento de que no entreg\u00f3 reportes y gastos de precampa\u00f1a.<\/p>\n\n\n\n<p>Por la tarde, el abanderado morenista encabez\u00f3 un mitin en la Unidad Deportiva de Petatl\u00e1n, donde fij\u00f3 postura.<\/p>\n\n\n\n<p>En primera instancia, inform\u00f3 que hasta ese momento no hab\u00eda sido notificado de manera oficial por el INE.<\/p>\n\n\n\n<p>Sin embargo, se dijo preparado para enfrentar la resoluci\u00f3n por la v\u00eda legal y la lucha social.<\/p>\n\n\n\n<p>\u201cVamos a movilizarnos a la Ciudad de M\u00e9xico pac\u00edficamente, al Tribunal Electoral del Poder Judicial de la Federaci\u00f3n, para decirles que est\u00e1n queriendo cometer un atropello contra la democracia y la voluntad popular\u201d, anunci\u00f3 Salgado.<\/p>\n\n\n\n<p>Asever\u00f3 que no se trata de defender una candidatura, sino de luchar porque se respete la decisi\u00f3n de todo un pueblo.<\/p>\n\n\n\n<p>\u201cQue no le rasquen al toro, que no le rasquen, porque no nos vamos a dejar, vamos a la lucha legal, a la lucha jur\u00eddica, vamos a demostrar que no tiene raz\u00f3n el INE, vamos a la lucha legal y a la movilizaci\u00f3n popular\u201d, advirti\u00f3 Salgado Macedonio.<\/p>\n\n\n\n<p>Despu\u00e9s agreg\u00f3: \u201cDesde aqu\u00ed le decimos al INE que no le tenemos miedo, que vamos a ganar la gubernatura (\u2026), porque el que va arriba de todos los candidatos es este, les llevamos tres a uno\u201d.<\/p>\n\n\n\n<p>Record\u00f3 que hasta hace poco fue v\u00edctima de \u201cuna guerra sucia fuerte\u201d, con el surgimiento de denuncias por abuso sexual que no pudieron demostrarse y, por ende, no procedieron.<\/p>\n\n\n\n<p>Ante este triunfo, se\u00f1al\u00f3 que sus adversarios \u201cvieron que por ah\u00ed no se pudo\u201d y buscaron otra v\u00eda para quitarlo de la contienda<\/p>\n\n\n\n<p>Por ello, en el INE decidieron \u201cllev\u00e1rselo en el manojo, en el mont\u00f3n (de candidatos) que no declararon gastos de precampa\u00f1a\u201d.<\/p>\n\n\n\n<p>El senador con licencia subray\u00f3 que no puede declarar gastos de precampa\u00f1a porque Morena nunca lo nombr\u00f3 precandidato.<\/p>\n\n\n\n<p>Sus recorridos, dijo, fueron parte del trabajo de organizaci\u00f3n partidista como Coordinador Estatal de los Comit\u00e9s de Defensa de la Cuarta Transformaci\u00f3n.<\/p>\n\n\n\n<p>\u201cAhora dicen que no inform\u00e9 de gastos de precampa\u00f1a, pues Morena no registr\u00f3 precampa\u00f1as en todo el pa\u00eds, no registr\u00f3 precandidaturas, entonces, todos los que quisimos participar nos anotamos para las encuestas, pero no hicimos precampa\u00f1a\u201d, expuso.<\/p>\n\n\n\n<p>Por ese motivo, subray\u00f3 que se mantendr\u00e1 en la lucha \u201cpor la v\u00eda legal y por la movilizaci\u00f3n pac\u00edfica\u201d.<\/p>\n\n\n\n<p>\u201cQue le piensen cuatro veces, el pueblo de Guerrero no se va a dejar (\u2026), son ustedes los que est\u00e1n decidiendo, estoy por ustedes, porque ustedes me pusieron aqu\u00ed, como su candidato y por lo tanto vamos para adelante, este es un momento de luchar por la esperanza del pueblo de Guerrero y de M\u00e9xico; no es nada m\u00e1s la gubernatura, se equivocan los reaccionarios, nosotros estamos luchando por la voluntad del pueblo\u201d, expuso.<\/p>\n\n\n\n<p>Incluso compar\u00f3 esta batalla como una nueva \u201cgesta hist\u00f3rica de la lucha de los conservadores y los liberales\u201d.<\/p>\n\n\n\n<p>\u201cNo vamos a permitir que se cometa un atropello\u201d, sentenci\u00f3 Salgado.<\/p>\n\n\n\n<p>Asimismo, anunci\u00f3 que apoyar\u00e1 la solicitud de juicio pol\u00edtico contra los siete consejeros del INE \u201cque se prestaron a este atropello\u201d.<\/p>\n","protected":false},"excerpt":{"rendered":"<p>Se trata de defender la voluntad del pueblo, dice en Petatl\u00e1n y anuncia un nuevo \u00e9xodo a la Ciudad de M\u00e9xico. Petatl\u00e1n, Gro., 25 de marzo de 2021.- F\u00e9lix Salgado&hellip; <\/p>\n","protected":false},"author":1,"featured_media":32555,"comment_status":"open","ping_status":"open","sticky":false,"template":"","format":"standard","meta":{"fifu_image_url":"","fifu_image_alt":"","footnotes":""},"categories":[25],"tags":[167],"class_list":["post-32554","post","type-post","status-publish","format-standard","has-post-thumbnail","hentry","category-ruta-2021","tag-ruta-el-toro"],"_links":{"self":[{"href":"https:\/\/www.interaccionnoticias.com.mx\/index.php?rest_route=\/wp\/v2\/posts\/32554","targetHints":{"allow":["GET"]}}],"collection":[{"href":"https:\/\/www.interaccionnoticias.com.mx\/index.php?rest_route=\/wp\/v2\/posts"}],"about":[{"href":"https:\/\/www.interaccionnoticias.com.mx\/index.php?rest_route=\/wp\/v2\/types\/post"}],"author":[{"embeddable":true,"href":"https:\/\/www.interaccionnoticias.com.mx\/index.php?rest_route=\/wp\/v2\/users\/1"}],"replies":[{"embeddable":true,"href":"https:\/\/www.interaccionnoticias.com.mx\/index.php?rest_route=%2Fwp%2Fv2%2Fcomments&post=32554"}],"version-history":[{"count":0,"href":"https:\/\/www.interaccionnoticias.com.mx\/index.php?rest_route=\/wp\/v2\/posts\/32554\/revisions"}],"wp:featuredmedia":[{"embeddable":true,"href":"https:\/\/www.interaccionnoticias.com.mx\/index.php?rest_route=\/wp\/v2\/media\/32555"}],"wp:attachment":[{"href":"https:\/\/www.interaccionnoticias.com.mx\/index.php?rest_route=%2Fwp%2Fv2%2Fmedia&parent=32554"}],"wp:term":[{"taxonomy":"category","embeddable":true,"href":"https:\/\/www.interaccionnoticias.com.mx\/index.php?rest_route=%2Fwp%2Fv2%2Fcategories&post=32554"},{"taxonomy":"post_tag","embeddable":true,"href":"https:\/\/www.interaccionnoticias.com.mx\/index.php?rest_route=%2Fwp%2Fv2%2Ftags&post=32554"}],"curies":[{"name":"wp","href":"https:\/\/api.w.org\/{rel}","templated":true}]}}