{"id":3252,"date":"2017-03-30T19:27:00","date_gmt":"2017-03-31T01:27:00","guid":{"rendered":"http:\/\/www.inter-accion.com.mx\/?p=3252"},"modified":"2017-03-30T19:27:00","modified_gmt":"2017-03-31T01:27:00","slug":"fge-no-hay-delito-que-perseguir-en-las-reuniones-del-obispo-de-chilpancingo-con-lideres-del-crimen","status":"publish","type":"post","link":"https:\/\/www.interaccionnoticias.com.mx\/?p=3252","title":{"rendered":"FGE no hay delito que perseguir, en las reuniones del obispo de Chilpancingo con l\u00edderes del crimen"},"content":{"rendered":"<p><span style=\"font-weight: 400;\">*En todo caso, la responsable de investigar es la PGR, se\u00f1ala<\/span><br \/>\n&nbsp;<br \/>\n<span style=\"font-weight: 400;\">El vicefiscal de investigaci\u00f3n de la Fiscal\u00eda General del Estado (FGE), Jos\u00e9 Antonio Bonilla Uribe asegur\u00f3 que no hay delito que perseguir en el encuentro que el obispo de la Di\u00f3cesis Chilpancingo-Chilapa, Salvador Rangel Mendoza ha sostenido con l\u00edderes de varios grupos del crimen organizado.<\/span><br \/>\n<span style=\"font-weight: 400;\">Desde el inicio de la semana, las declaraciones del obispo Rangel Mendoza, en el sentido de que las amenazas de muerte en contra de un sacerdote lo llevaron a reunirse con l\u00edderes de varios grupos delictivos generaron puntos de vista encontrados.<\/span><br \/>\n<span style=\"font-weight: 400;\">Dado que sugiri\u00f3 que funcionarios de los tres niveles de gobierno han pactado con algunas organizaciones delictivas, el gobernador H\u00e9ctor Astudillo Flores manifest\u00f3 su desacuerdo y dio a conocer su inter\u00e9s de dialogar con el ministro de culto sobre el tema.<\/span><br \/>\n<span style=\"font-weight: 400;\">Mientras, la presidenta de la Junta de Coordinaci\u00f3n Pol\u00edtica del Congreso local, Flor A\u00f1orve Ocampo manifest\u00f3 su rechazo ante dicha dichas declaraciones y sugiri\u00f3 al obispo entrar en la ruta de la reflexi\u00f3n.<\/span><br \/>\n<span style=\"font-weight: 400;\">El alcalde de Chilpancingo, Marco Antonio Leyva Mena tambi\u00e9n se tom\u00f3 su espacio para reiterar su negativa para reunirse con integrantes de la delincuencia organizada, en la certeza de que la conducta de los servidores p\u00fablicos debe estar sujeta siempre a lo que establece el marco legal.<\/span><br \/>\n<span style=\"font-weight: 400;\">La tarde del jueves 30 de marzo, el vicefiscal de Investigaci\u00f3n de la FGE, Jos\u00e9 Antonio Bonilla Uribe habl\u00f3 sobre el tema, ya que fue cuestionado sobre la posibilidad de que el obispo haya incurrido en alguna conducta il\u00edcita.<\/span><br \/>\n<span style=\"font-weight: 400;\">\u201cEn estricto sentido jur\u00eddico, no existe ning\u00fan delito que contemplen las leyes penales en esa circunstancia en espec\u00edfico\u201d.<\/span><br \/>\n<span style=\"font-weight: 400;\">Remarc\u00f3: \u201cNo hay ning\u00fan tipo penal que establezca que ning\u00fan miembro de alguna iglesia, por juntarse con alguien tenga que ser sancionado\u201d.<\/span><br \/>\n<span style=\"font-weight: 400;\">Antes, se\u00f1al\u00f3 que en caso de que se iniciara una indagatoria encaminada a conocer que es lo que en realidad ha motivado esas reuniones, ser\u00eda la PGR la que se encargar\u00eda de abrir una carpeta de investigaci\u00f3n.<\/span><br \/>\n<span style=\"font-weight: 400;\">Lo anterior, porque delitos contra la salud, as\u00ed como la portaci\u00f3n de armas de uso exclusivo son sancionados por el fuero federal.<\/span><br \/>\n&nbsp;<\/p>\n","protected":false},"excerpt":{"rendered":"<p>*En todo caso, la responsable de investigar es la PGR, se\u00f1ala &nbsp; El vicefiscal de investigaci\u00f3n de la Fiscal\u00eda General del Estado (FGE), Jos\u00e9 Antonio Bonilla Uribe asegur\u00f3 que no&hellip; <\/p>\n","protected":false},"author":1,"featured_media":0,"comment_status":"open","ping_status":"open","sticky":false,"template":"","format":"standard","meta":{"fifu_image_url":"","fifu_image_alt":"","footnotes":""},"categories":[8,27],"tags":[],"class_list":["post-3252","post","type-post","status-publish","format-standard","hentry","category-featured","category-seguridad-publica"],"_links":{"self":[{"href":"https:\/\/www.interaccionnoticias.com.mx\/index.php?rest_route=\/wp\/v2\/posts\/3252","targetHints":{"allow":["GET"]}}],"collection":[{"href":"https:\/\/www.interaccionnoticias.com.mx\/index.php?rest_route=\/wp\/v2\/posts"}],"about":[{"href":"https:\/\/www.interaccionnoticias.com.mx\/index.php?rest_route=\/wp\/v2\/types\/post"}],"author":[{"embeddable":true,"href":"https:\/\/www.interaccionnoticias.com.mx\/index.php?rest_route=\/wp\/v2\/users\/1"}],"replies":[{"embeddable":true,"href":"https:\/\/www.interaccionnoticias.com.mx\/index.php?rest_route=%2Fwp%2Fv2%2Fcomments&post=3252"}],"version-history":[{"count":0,"href":"https:\/\/www.interaccionnoticias.com.mx\/index.php?rest_route=\/wp\/v2\/posts\/3252\/revisions"}],"wp:attachment":[{"href":"https:\/\/www.interaccionnoticias.com.mx\/index.php?rest_route=%2Fwp%2Fv2%2Fmedia&parent=3252"}],"wp:term":[{"taxonomy":"category","embeddable":true,"href":"https:\/\/www.interaccionnoticias.com.mx\/index.php?rest_route=%2Fwp%2Fv2%2Fcategories&post=3252"},{"taxonomy":"post_tag","embeddable":true,"href":"https:\/\/www.interaccionnoticias.com.mx\/index.php?rest_route=%2Fwp%2Fv2%2Ftags&post=3252"}],"curies":[{"name":"wp","href":"https:\/\/api.w.org\/{rel}","templated":true}]}}