{"id":3249,"date":"2017-03-30T19:22:36","date_gmt":"2017-03-31T01:22:36","guid":{"rendered":"http:\/\/www.inter-accion.com.mx\/?p=3249"},"modified":"2017-03-30T19:22:36","modified_gmt":"2017-03-31T01:22:36","slug":"javier-saldana-es-rector-electo-para-el-periodo-2017-2021","status":"publish","type":"post","link":"https:\/\/www.interaccionnoticias.com.mx\/?p=3249","title":{"rendered":"Javier Salda\u00f1a es rector electo para el periodo 2017-2021"},"content":{"rendered":"<p><span style=\"font-weight: 400;\">*El Consejo Universitario inform\u00f3 que obtuvo 66 mil 597 votos en la elecci\u00f3n del 23 de marzo<\/span><br \/>\n&nbsp;<br \/>\n<span style=\"font-weight: 400;\">Con un presupuesto de 346 mil 380 pesos y 66 mil 597 votos de respaldo, el Consejo Universitario de la Universidad Aut\u00f3noma de Guerrero (UAGro) este jueves, aprob\u00f3 entregar la constancia de rector electo al doctor Javier Salda\u00f1a Almaz\u00e1n, para el periodo de 2017-2021. <\/span><br \/>\n<span style=\"font-weight: 400;\">El 13 de enero del a\u00f1o en curso, el Consejo Universitario aprob\u00f3 emitir la convocatoria para elegir al rector de la UAGro, para el periodo del 6 de abril de 2017 al 6 de abril del 2021. <\/span><br \/>\n<span style=\"font-weight: 400;\">Previo a la intenci\u00f3n del rector Javier Salda\u00f1a Almaz\u00e1n de reelegirse en el cargo, la maestra en Ciencias Sociales, Silvia Alem\u00e1n Mundo hizo p\u00fablica su pretensi\u00f3n de participar en el proceso electoral, encabezando el Colectivo Insurgencia Universitaria (CIU), que naci\u00f3 en la Facultad de Filosof\u00eda y Letras de la m\u00e1xima casa de estudios. <\/span><br \/>\n<span style=\"font-weight: 400;\">Tras entregar por escrito la solicitud correspondiente para inscribirse como candidata a la rector\u00eda de la UAGro, la Comisi\u00f3n Electoral solo admiti\u00f3 la postulaci\u00f3n de Salda\u00f1a Almaz\u00e1n, y descart\u00f3 la solicitud de la doctora Silvia Alem\u00e1n, por no haber cumplido en su totalidad con los requisitos de la convocatoria emitida el 13 de enero. <\/span><br \/>\n<span style=\"font-weight: 400;\">Alem\u00e1n Mundo interpuso hasta 3 recursos para revisar dicha convocatoria, por considerarla \u201ca modo\u201d para que Salda\u00f1a Almaz\u00e1n fuera reelegido. Acudi\u00f3 ante el Tribunal Universitario de la UAGro y el Tribunal Electoral del Estado, por violaciones al derecho pol\u00edtico electoral de participar en el proceso electivo, sin embargo, esos recursos tambi\u00e9n fueron desechados. <\/span><br \/>\n<span style=\"font-weight: 400;\">Desde el inicio de la campa\u00f1a electoral, el pasado 3 de marzo el \u00fanico candidato a rector, Javier Salda\u00f1a Almaz\u00e1n insisti\u00f3 en hablar de temas ligados a actividades delictivas, as\u00ed como del siguiente proceso al frente del rectorado. <\/span><br \/>\n<span style=\"font-weight: 400;\">Entre esas declaraciones, inform\u00f3 que algunos de sus colaboradores hab\u00edan sido interceptados por un grupo armado, que los despoj\u00f3 de un veh\u00edculo entre la carretera Zumpango-Iguala, mientras se dirig\u00edan a la regi\u00f3n Tierra Caliente, donde posteriormente estar\u00eda de visita el candidato \u00fanico. <\/span><br \/>\n<span style=\"font-weight: 400;\">Salda\u00f1a Almaz\u00e1n dio a conocer que tras ese hecho, evit\u00f3 acudir a algunas regiones a hacer actos proselitistas, por temor a ser atacado, despu\u00e9s de haber recibido amenazas de sujetos desconocidos de no acudir a ciertos lugares. <\/span><br \/>\n<span style=\"font-weight: 400;\">En tanto, el CIU insist\u00eda en convocar a los universitarios a abstenerse de votar, como medida para denunciar la \u201cmuerte\u201d de la democracia dentro de la m\u00e1xima casa de estudios en el estado. <\/span><br \/>\n<span style=\"font-weight: 400;\">El \u00faltimo d\u00eda de actividades proselitistas, entre cuestionamientos de sus opositores sobre \u201cgastos estratosf\u00e9ricos de campa\u00f1a\u201d, Javier Salda\u00f1a Almaz\u00e1n culmin\u00f3 su periodo de campa\u00f1a en la explanada del edificio hist\u00f3rico que alberga a las preparatorias 1 y 9 en Chilpancingo, donde se comprometi\u00f3 ante el alumnado a \u201climpiar\u201d la imagen de la UAGro y a vincularla con la sociedad.<\/span><br \/>\n<span style=\"font-weight: 400;\">Para el d\u00eda de la jornada electoral, el 23 de marzo, la Comisi\u00f3n Electoral obtuvo 346 mil 380 pesos, para cubrir vi\u00e1ticos de los integrantes de la comisi\u00f3n, para la publicaci\u00f3n del padr\u00f3n en unidades acad\u00e9micas, gastos de papeler\u00eda y para el c\u00f3mputo final. Presupuesto que se reparti\u00f3 entre los 20 d\u00edas que duro el proceso. <\/span><br \/>\n<span style=\"font-weight: 400;\">A pesar que solo fue un candidato \u00fanico, se pag\u00f3 a la empresa \u201cUniverso Gr\u00e1fico\u201d la cantidad de 133 mil 318 pesos por concepto de impresi\u00f3n de 83 mil 300 boletas electorales foliadas. Adem\u00e1s, para la rotulaci\u00f3n de 450 urnas en vinil, se pag\u00f3 al \u201cGrupo JIGA\u201d la cantidad de 24 mil 750 pesos. <\/span><br \/>\n<span style=\"font-weight: 400;\">El coordinador de la comisi\u00f3n encargada del proceso electoral, Rafael Garc\u00eda Menc\u00eda inform\u00f3 al concluir la jornada, que de un total de 81 mil 954 estudiantes y administrativos que conforman la UAGro, 66 mil 597 se decidieron por respaldar a Javier Salda\u00f1a Almaz\u00e1n. En tanto que las abstenciones alcanzaron las 3 mil 405 y los votos nulos mil 180. <\/span><br \/>\n<span style=\"font-weight: 400;\">En sesi\u00f3n extraordinaria de este jueves, el Consejo Universitario aprob\u00f3 entregar de manos del encargado de despacho de la UAGro, Jos\u00e9 Alfredo Romero Olea, una constancia a Javier Salda\u00f1a, en la que se le reconoce como rector electo para el periodo 2017-2021. <\/span><br \/>\n<span style=\"font-weight: 400;\">A pesar de haber una advertencia del Colectivo Insurgencia Universitaria, de acudir ante la Comisi\u00f3n Interamericana de Derechos Humanos (CIDH), si el Consejo Universitario se niega modificar el reglamento electoral, el ex rector Florentino Cruz Ram\u00edrez expuso ante el consejo, que el proceso interno para elegir rector, se dio de forma \u201ctransparente\u201d y \u201cejemplar\u201d.<\/span><br \/>\n<span style=\"font-weight: 400;\">\u201cNo es producto (su proyecto) del 23 de marzo, es una gestaci\u00f3n de muchos a\u00f1os hacia atr\u00e1s, cuando dijimos que ya no quer\u00edamos m\u00e1s huelgas, que habr\u00eda que atender los problemas de manera conjunta con los sindicatos y eso ya hace m\u00e1s de una d\u00e9cada, cuando tambi\u00e9n dijo la sociedad, la universidad no est\u00e1 en su misi\u00f3n que le corresponde de educar\u2026 nos pusimos de acuerdo y hoy mejoramos\u2026\u201d, puntualiz\u00f3 el rector electo, Javier Salda\u00f1a. <\/span><br \/>\n<span style=\"font-weight: 400;\">El jueves 6 de abril, en sesi\u00f3n solemne Consejo Universitario, tomar\u00e1 protesta a Salda\u00f1a Almaz\u00e1n como rector de la UAGro del periodo 2017-2021 en las instalaciones del Expo Mundo Imperial en la zona diamante de Acapulco.<\/span><\/p>\n","protected":false},"excerpt":{"rendered":"<p>*El Consejo Universitario inform\u00f3 que obtuvo 66 mil 597 votos en la elecci\u00f3n del 23 de marzo &nbsp; Con un presupuesto de 346 mil 380 pesos y 66 mil 597&hellip; <\/p>\n","protected":false},"author":1,"featured_media":0,"comment_status":"open","ping_status":"open","sticky":false,"template":"","format":"standard","meta":{"fifu_image_url":"","fifu_image_alt":"","footnotes":""},"categories":[6,8],"tags":[],"class_list":["post-3249","post","type-post","status-publish","format-standard","hentry","category-educacion","category-featured"],"_links":{"self":[{"href":"https:\/\/www.interaccionnoticias.com.mx\/index.php?rest_route=\/wp\/v2\/posts\/3249","targetHints":{"allow":["GET"]}}],"collection":[{"href":"https:\/\/www.interaccionnoticias.com.mx\/index.php?rest_route=\/wp\/v2\/posts"}],"about":[{"href":"https:\/\/www.interaccionnoticias.com.mx\/index.php?rest_route=\/wp\/v2\/types\/post"}],"author":[{"embeddable":true,"href":"https:\/\/www.interaccionnoticias.com.mx\/index.php?rest_route=\/wp\/v2\/users\/1"}],"replies":[{"embeddable":true,"href":"https:\/\/www.interaccionnoticias.com.mx\/index.php?rest_route=%2Fwp%2Fv2%2Fcomments&post=3249"}],"version-history":[{"count":0,"href":"https:\/\/www.interaccionnoticias.com.mx\/index.php?rest_route=\/wp\/v2\/posts\/3249\/revisions"}],"wp:attachment":[{"href":"https:\/\/www.interaccionnoticias.com.mx\/index.php?rest_route=%2Fwp%2Fv2%2Fmedia&parent=3249"}],"wp:term":[{"taxonomy":"category","embeddable":true,"href":"https:\/\/www.interaccionnoticias.com.mx\/index.php?rest_route=%2Fwp%2Fv2%2Fcategories&post=3249"},{"taxonomy":"post_tag","embeddable":true,"href":"https:\/\/www.interaccionnoticias.com.mx\/index.php?rest_route=%2Fwp%2Fv2%2Ftags&post=3249"}],"curies":[{"name":"wp","href":"https:\/\/api.w.org\/{rel}","templated":true}]}}