{"id":32444,"date":"2021-03-24T12:07:24","date_gmt":"2021-03-24T18:07:24","guid":{"rendered":"http:\/\/www.inter-accion.com.mx\/?p=32444"},"modified":"2021-03-24T12:07:24","modified_gmt":"2021-03-24T18:07:24","slug":"32444","status":"publish","type":"post","link":"https:\/\/www.interaccionnoticias.com.mx\/?p=32444","title":{"rendered":"Asume Mario Moreno compromiso de modernizar el Poder Judicial"},"content":{"rendered":"\n<p><strong><em>&#8211; Pide a las y los abogados elaborar propuestas concretas para reformar la ley del TSJ<\/em><\/strong><br><br><strong>Acapulco, Gro., 24 de marzo del 2021.-<\/strong> \u201cTenemos que impulsar una nueva Reforma del Poder Judicial de Estado, hay que trabajar en ello para que est\u00e9 a la altura de otros pa\u00edses\u201d, dijo el candidato a gobernador de Guerrero de la alianza PRI-PRD, Mario Moreno Arcos, en un encuentro con abogados de este municipio.<\/p>\n\n\n\n<p>El candidato de la alianza \u201cVa por Guerrero\u201d, pidi\u00f3 ayuda a la Barra de Abogados y al Colegio de Abogados para que elaboren sus propuestas en esta rama, e impulsarlas cuando sea gobernador.<\/p>\n\n\n\n<p>\u201cMe interesa conocer sus propuestas. Qu\u00e9 hace falta en el Poder Judicial; hoy los tres poderes deben estar vinculados y que los proyectos en materia judicial est\u00e9n avalados por las y los abogados organizados, que conlleven una estrategia de alto impacto\u201d, detall\u00f3.<\/p>\n\n\n\n<p>Se comprometi\u00f3 a apoyarlos ante las dificultades que enfrentan las y los abogados en esta \u00e9poca de pandemia por Covid-19, ya que si \u00e9sta persiste tendr\u00e1 que buscar c\u00f3mo reactivar la econom\u00eda en todos los sectores.<br>Recalc\u00f3 que el respeto hacia las mujeres ser\u00e1 fundamental y que ser\u00e1n las que est\u00e9n mas preparadas las que ocupen cargos de alta jerarqu\u00eda y \u201cno de relleno\u201d.<\/p>\n\n\n\n<p>B\u00e1rbara L\u00f3pez Gonz\u00e1lez, durante su participaci\u00f3n, dijo sentirse segura por el lugar que Mario Moreno le ha dado a las mujeres, sobre todo por el respeto y porque est\u00e1 dispuesto a romper el patriarcado.<\/p>\n\n\n\n<p>A este evento acudi\u00f3 Jes\u00fas Galeana S\u00e1nchez de la Barra de Abogados, quien se comprometi\u00f3 a elaborar las propuestas para beneficio de este sector y darles impulso una vez que Moreno Arcos sea gobernador.<\/p>\n","protected":false},"excerpt":{"rendered":"<p>&#8211; Pide a las y los abogados elaborar propuestas concretas para reformar la ley del TSJ Acapulco, Gro., 24 de marzo del 2021.- \u201cTenemos que impulsar una nueva Reforma del&hellip; <\/p>\n","protected":false},"author":1,"featured_media":32443,"comment_status":"open","ping_status":"open","sticky":false,"template":"","format":"standard","meta":{"fifu_image_url":"","fifu_image_alt":"","footnotes":""},"categories":[25],"tags":[168],"class_list":["post-32444","post","type-post","status-publish","format-standard","has-post-thumbnail","hentry","category-ruta-2021","tag-ruta-mario-moreno"],"_links":{"self":[{"href":"https:\/\/www.interaccionnoticias.com.mx\/index.php?rest_route=\/wp\/v2\/posts\/32444","targetHints":{"allow":["GET"]}}],"collection":[{"href":"https:\/\/www.interaccionnoticias.com.mx\/index.php?rest_route=\/wp\/v2\/posts"}],"about":[{"href":"https:\/\/www.interaccionnoticias.com.mx\/index.php?rest_route=\/wp\/v2\/types\/post"}],"author":[{"embeddable":true,"href":"https:\/\/www.interaccionnoticias.com.mx\/index.php?rest_route=\/wp\/v2\/users\/1"}],"replies":[{"embeddable":true,"href":"https:\/\/www.interaccionnoticias.com.mx\/index.php?rest_route=%2Fwp%2Fv2%2Fcomments&post=32444"}],"version-history":[{"count":0,"href":"https:\/\/www.interaccionnoticias.com.mx\/index.php?rest_route=\/wp\/v2\/posts\/32444\/revisions"}],"wp:featuredmedia":[{"embeddable":true,"href":"https:\/\/www.interaccionnoticias.com.mx\/index.php?rest_route=\/wp\/v2\/media\/32443"}],"wp:attachment":[{"href":"https:\/\/www.interaccionnoticias.com.mx\/index.php?rest_route=%2Fwp%2Fv2%2Fmedia&parent=32444"}],"wp:term":[{"taxonomy":"category","embeddable":true,"href":"https:\/\/www.interaccionnoticias.com.mx\/index.php?rest_route=%2Fwp%2Fv2%2Fcategories&post=32444"},{"taxonomy":"post_tag","embeddable":true,"href":"https:\/\/www.interaccionnoticias.com.mx\/index.php?rest_route=%2Fwp%2Fv2%2Ftags&post=32444"}],"curies":[{"name":"wp","href":"https:\/\/api.w.org\/{rel}","templated":true}]}}