{"id":32329,"date":"2021-03-22T22:52:00","date_gmt":"2021-03-22T22:52:00","guid":{"rendered":"http:\/\/www.inter-accion.com.mx\/?p=32329"},"modified":"2021-03-22T22:52:00","modified_gmt":"2021-03-22T22:52:00","slug":"32329","status":"publish","type":"post","link":"https:\/\/www.interaccionnoticias.com.mx\/?p=32329","title":{"rendered":"Soy el candidato ganador a la gubernatura: Mario Moreno"},"content":{"rendered":"\n<p><em><strong>Confirma que est\u00e1 en empate t\u00e9cnico con el candidato de Morena y que sigue creciendo en la preferencia electoral<\/strong><br><\/em><br><strong>Acapulco, Gro., lunes 22 de marzo del 2021.-<\/strong> El candidato a gobernador de la alianza PRI-PRD, Mario Moreno Arcos, confirm\u00f3 un empate t\u00e9cnico entre \u00e9l y el otro candidato que hasta hace algunos meses le llevaba una ventaja considerable.<br><br>\u201cLa gente va con el candidato ganador, hemos subido considerablemente en las encuestas, tenemos algunas y ya pr\u00e1cticamente hay un empate t\u00e9cnico con el otro candidato\u201d, destac\u00f3.<br><br>En un encuentro con l\u00edderes de Puerto Marqu\u00e9s, Moreno Arcos afirm\u00f3 que existen todas las condiciones para que \u00e9ste lugar sea considerado como \u201cPuerto M\u00e1gico\u201d.<br><br>Durante este encuentro se le hicieron peticiones de obras de drenaje y se insisti\u00f3 en que la bah\u00eda debe de ser saneada.<br><br>Se destac\u00f3 en esta reuni\u00f3n la buena disposici\u00f3n que ha tenido el gobernador del estado, H\u00e9ctor Astudillo Flores con Puerto Marqu\u00e9s, que, entre otras cosas, apoy\u00f3 con comida durante meses a personas que necesitaban ayuda en tiempo de pandemia.<br><br>Ricardo Astudillo Calvo, candidato del PRI y PRD a diputado local por el distrito 07 con sede en Acapulco, extern\u00f3 que es \u201cun soldado m\u00e1s\u201d y que est\u00e1 convencido de que con Mario Moreno habr\u00e1 un pleno desarrollo, no solo en Puerto Marqu\u00e9s, sino en todo el estado de Guerrero.<br><br>A esta reuni\u00f3n acudieron C\u00e9sar Land\u00edn, aspirante a diputado local plurinominal; los l\u00edderes de Puerto Marqu\u00e9s: Eduardo Rom\u00e1n, Carmen Ramos, Carlos Garc\u00eda, Antonio Zamora y \u00c1ngela Palma.<\/p>\n","protected":false},"excerpt":{"rendered":"<p>Confirma que est\u00e1 en empate t\u00e9cnico con el candidato de Morena y que sigue creciendo en la preferencia electoralAcapulco, Gro., lunes 22 de marzo del 2021.- El candidato a gobernador&hellip; <\/p>\n","protected":false},"author":1,"featured_media":32330,"comment_status":"open","ping_status":"open","sticky":false,"template":"","format":"standard","meta":{"fifu_image_url":"","fifu_image_alt":"","footnotes":""},"categories":[25],"tags":[168],"class_list":["post-32329","post","type-post","status-publish","format-standard","has-post-thumbnail","hentry","category-ruta-2021","tag-ruta-mario-moreno"],"_links":{"self":[{"href":"https:\/\/www.interaccionnoticias.com.mx\/index.php?rest_route=\/wp\/v2\/posts\/32329","targetHints":{"allow":["GET"]}}],"collection":[{"href":"https:\/\/www.interaccionnoticias.com.mx\/index.php?rest_route=\/wp\/v2\/posts"}],"about":[{"href":"https:\/\/www.interaccionnoticias.com.mx\/index.php?rest_route=\/wp\/v2\/types\/post"}],"author":[{"embeddable":true,"href":"https:\/\/www.interaccionnoticias.com.mx\/index.php?rest_route=\/wp\/v2\/users\/1"}],"replies":[{"embeddable":true,"href":"https:\/\/www.interaccionnoticias.com.mx\/index.php?rest_route=%2Fwp%2Fv2%2Fcomments&post=32329"}],"version-history":[{"count":0,"href":"https:\/\/www.interaccionnoticias.com.mx\/index.php?rest_route=\/wp\/v2\/posts\/32329\/revisions"}],"wp:featuredmedia":[{"embeddable":true,"href":"https:\/\/www.interaccionnoticias.com.mx\/index.php?rest_route=\/wp\/v2\/media\/32330"}],"wp:attachment":[{"href":"https:\/\/www.interaccionnoticias.com.mx\/index.php?rest_route=%2Fwp%2Fv2%2Fmedia&parent=32329"}],"wp:term":[{"taxonomy":"category","embeddable":true,"href":"https:\/\/www.interaccionnoticias.com.mx\/index.php?rest_route=%2Fwp%2Fv2%2Fcategories&post=32329"},{"taxonomy":"post_tag","embeddable":true,"href":"https:\/\/www.interaccionnoticias.com.mx\/index.php?rest_route=%2Fwp%2Fv2%2Ftags&post=32329"}],"curies":[{"name":"wp","href":"https:\/\/api.w.org\/{rel}","templated":true}]}}